{"id":638,"date":"2016-09-15T15:47:48","date_gmt":"2016-09-15T15:47:48","guid":{"rendered":"https:\/\/www.blogsoestado.com\/wilsonmarques\/?p=638"},"modified":"2016-09-15T15:47:48","modified_gmt":"2016-09-15T15:47:48","slug":"as-memorias-poeticas-de-marco-haurelio","status":"publish","type":"post","link":"https:\/\/www.blogsoestado.com\/wilsonmarques\/2016\/09\/15\/as-memorias-poeticas-de-marco-haurelio\/","title":{"rendered":"As mem\u00f3rias po\u00e9ticas de Marco Haur\u00e9lio"},"content":{"rendered":"<p><a href=\"https:\/\/www.blogsoestado.com\/wilsonmarques\/wp-content\/uploads\/sites\/9\/2016\/09\/Scan-1.jpg\"><img fetchpriority=\"high\" decoding=\"async\" class=\"alignleft size-medium wp-image-639\" src=\"https:\/\/www.blogsoestado.com\/wilsonmarques\/wp-content\/uploads\/sites\/9\/2016\/09\/Scan-1-232x300.jpg\" alt=\"Scan\" width=\"232\" height=\"300\" srcset=\"https:\/\/www.blogsoestado.com\/wilsonmarques\/wp-content\/uploads\/sites\/9\/2016\/09\/Scan-1-232x300.jpg 232w, https:\/\/www.blogsoestado.com\/wilsonmarques\/wp-content\/uploads\/sites\/9\/2016\/09\/Scan-1-792x1024.jpg 792w, https:\/\/www.blogsoestado.com\/wilsonmarques\/wp-content\/uploads\/sites\/9\/2016\/09\/Scan-1-768x992.jpg 768w, https:\/\/www.blogsoestado.com\/wilsonmarques\/wp-content\/uploads\/sites\/9\/2016\/09\/Scan-1-1189x1536.jpg 1189w, https:\/\/www.blogsoestado.com\/wilsonmarques\/wp-content\/uploads\/sites\/9\/2016\/09\/Scan-1-1585x2048.jpg 1585w, https:\/\/www.blogsoestado.com\/wilsonmarques\/wp-content\/uploads\/sites\/9\/2016\/09\/Scan-1.jpg 1625w\" sizes=\"(max-width: 232px) 100vw, 232px\" \/><\/a><\/p>\n<p>&nbsp;<\/p>\n<p>&nbsp;<\/p>\n<p>&nbsp;<\/p>\n<p>&nbsp;<\/p>\n<p>&nbsp;<\/p>\n<p>&nbsp;<\/p>\n<p>&nbsp;<\/p>\n<p>&nbsp;<\/p>\n<p>&nbsp;<\/p>\n<p>Impossibilitado de ir a S\u00e3o Paulo durante a Bienal do Livro, acompanhei pelo facebook o lan\u00e7amento de <strong>A can\u00e7\u00e3o do Tio Dito<\/strong> (Paulus), do amigo e parceiro Marco Haur\u00e9lio. Assim que foi poss\u00edvel, tratei tamb\u00e9m de adquirir um exemplar da obra aqui em S\u00e3o Lu\u00eds.<\/p>\n<p>Trata-se de um livro de mem\u00f3rias, e, ao mesmo tempo, de manifesto em favor da natureza. Uma del\u00edcia de leitura, que d\u00e1 prazer e nos faz refletir, e onde Marco alia suas qualidades de poeta e de narrador para contar em versos uma hist\u00f3ria envolvente, carregada de sentimentos, que nem de perto beira a pieguice na qual textos que abordam o tema podem resvalar.<\/p>\n<p>As ilustra\u00e7\u00f5es s\u00e3o de Nireuda Longobarde, que publicou tamb\u00e9m pela Paulus os livros Mitos e lendas do Brasil em cordel e A abelhinha.<\/p>\n<p>&nbsp;<\/p>\n<p><em>A hist\u00f3ria que vou contar,<\/em><\/p>\n<p><em>Dos meus tempos de crian\u00e7a,<\/em><\/p>\n<p><em>Mesmo parecendo triste,<\/em><\/p>\n<p><em>\u00c9 uma alegre lembran\u00e7a. <\/em><\/p>\n<p>&nbsp;<\/p>\n<p>O texto come\u00e7a assim. E quando a gente come\u00e7a, seja crian\u00e7a ou adulto, n\u00e3o para mais de ler.<\/p>\n<p>&nbsp;<\/p>\n","protected":false},"excerpt":{"rendered":"<p>&nbsp; &nbsp; &nbsp; &nbsp; &nbsp; &nbsp; &nbsp; &nbsp; &nbsp; Impossibilitado de ir a S\u00e3o Paulo durante a Bienal do Livro, [&hellip;]<\/p>\n","protected":false},"author":10,"featured_media":0,"comment_status":"open","ping_status":"open","sticky":false,"template":"","format":"standard","meta":{"site-sidebar-layout":"default","site-content-layout":"","ast-site-content-layout":"default","site-content-style":"default","site-sidebar-style":"default","ast-global-header-display":"","ast-banner-title-visibility":"","ast-main-header-display":"","ast-hfb-above-header-display":"","ast-hfb-below-header-display":"","ast-hfb-mobile-header-display":"","site-post-title":"","ast-breadcrumbs-content":"","ast-featured-img":"","footer-sml-layout":"","ast-disable-related-posts":"","theme-transparent-header-meta":"","adv-header-id-meta":"","stick-header-meta":"","header-above-stick-meta":"","header-main-stick-meta":"","header-below-stick-meta":"","astra-migrate-meta-layouts":"default","ast-page-background-enabled":"default","ast-page-background-meta":{"desktop":{"background-color":"var(--ast-global-color-5)","background-image":"","background-repeat":"repeat","background-position":"center center","background-size":"auto","background-attachment":"scroll","background-type":"","background-media":"","overlay-type":"","overlay-color":"","overlay-opacity":"","overlay-gradient":""},"tablet":{"background-color":"","background-image":"","background-repeat":"repeat","background-position":"center center","background-size":"auto","background-attachment":"scroll","background-type":"","background-media":"","overlay-type":"","overlay-color":"","overlay-opacity":"","overlay-gradient":""},"mobile":{"background-color":"","background-image":"","background-repeat":"repeat","background-position":"center center","background-size":"auto","background-attachment":"scroll","background-type":"","background-media":"","overlay-type":"","overlay-color":"","overlay-opacity":"","overlay-gradient":""}},"ast-content-background-meta":{"desktop":{"background-color":"var(--ast-global-color-4)","background-image":"","background-repeat":"repeat","background-position":"center center","background-size":"auto","background-attachment":"scroll","background-type":"","background-media":"","overlay-type":"","overlay-color":"","overlay-opacity":"","overlay-gradient":""},"tablet":{"background-color":"var(--ast-global-color-4)","background-image":"","background-repeat":"repeat","background-position":"center center","background-size":"auto","background-attachment":"scroll","background-type":"","background-media":"","overlay-type":"","overlay-color":"","overlay-opacity":"","overlay-gradient":""},"mobile":{"background-color":"var(--ast-global-color-4)","background-image":"","background-repeat":"repeat","background-position":"center center","background-size":"auto","background-attachment":"scroll","background-type":"","background-media":"","overlay-type":"","overlay-color":"","overlay-opacity":"","overlay-gradient":""}},"footnotes":""},"categories":[1],"tags":[],"class_list":["post-638","post","type-post","status-publish","format-standard","hentry","category-sem-categoria"],"yoast_head":"<!-- This site is optimized with the Yoast SEO plugin v26.6 - https:\/\/yoast.com\/wordpress\/plugins\/seo\/ -->\n<title>As mem\u00f3rias po\u00e9ticas de Marco Haur\u00e9lio - Wilson Marques<\/title>\n<meta name=\"robots\" content=\"index, follow, max-snippet:-1, max-image-preview:large, max-video-preview:-1\" \/>\n<link rel=\"canonical\" href=\"https:\/\/www.blogsoestado.com\/wilsonmarques\/2016\/09\/15\/as-memorias-poeticas-de-marco-haurelio\/\" \/>\n<meta property=\"og:locale\" content=\"pt_BR\" \/>\n<meta property=\"og:type\" content=\"article\" \/>\n<meta property=\"og:title\" content=\"As mem\u00f3rias po\u00e9ticas de Marco Haur\u00e9lio - Wilson Marques\" \/>\n<meta property=\"og:description\" content=\"&nbsp; &nbsp; &nbsp; &nbsp; &nbsp; &nbsp; &nbsp; &nbsp; &nbsp; Impossibilitado de ir a S\u00e3o Paulo durante a Bienal do Livro, [&hellip;]\" \/>\n<meta property=\"og:url\" content=\"https:\/\/www.blogsoestado.com\/wilsonmarques\/2016\/09\/15\/as-memorias-poeticas-de-marco-haurelio\/\" \/>\n<meta property=\"og:site_name\" content=\"Wilson Marques\" \/>\n<meta property=\"article:published_time\" content=\"2016-09-15T15:47:48+00:00\" \/>\n<meta property=\"og:image\" content=\"https:\/\/www.blogsoestado.com\/wilsonmarques\/wp-content\/uploads\/sites\/9\/2016\/09\/Scan-1-232x300.jpg\" \/>\n<meta name=\"author\" content=\"Wilson Marques\" \/>\n<meta name=\"twitter:card\" content=\"summary_large_image\" \/>\n<meta name=\"twitter:label1\" content=\"Escrito por\" \/>\n\t<meta name=\"twitter:data1\" content=\"Wilson Marques\" \/>\n\t<meta name=\"twitter:label2\" content=\"Est. tempo de leitura\" \/>\n\t<meta name=\"twitter:data2\" content=\"1 minuto\" \/>\n<script type=\"application\/ld+json\" class=\"yoast-schema-graph\">{\"@context\":\"https:\/\/schema.org\",\"@graph\":[{\"@type\":\"WebPage\",\"@id\":\"https:\/\/www.blogsoestado.com\/wilsonmarques\/2016\/09\/15\/as-memorias-poeticas-de-marco-haurelio\/\",\"url\":\"https:\/\/www.blogsoestado.com\/wilsonmarques\/2016\/09\/15\/as-memorias-poeticas-de-marco-haurelio\/\",\"name\":\"As mem\u00f3rias po\u00e9ticas de Marco Haur\u00e9lio - Wilson Marques\",\"isPartOf\":{\"@id\":\"https:\/\/www.blogsoestado.com\/wilsonmarques\/#website\"},\"primaryImageOfPage\":{\"@id\":\"https:\/\/www.blogsoestado.com\/wilsonmarques\/2016\/09\/15\/as-memorias-poeticas-de-marco-haurelio\/#primaryimage\"},\"image\":{\"@id\":\"https:\/\/www.blogsoestado.com\/wilsonmarques\/2016\/09\/15\/as-memorias-poeticas-de-marco-haurelio\/#primaryimage\"},\"thumbnailUrl\":\"https:\/\/www.blogsoestado.com\/wilsonmarques\/wp-content\/uploads\/sites\/9\/2016\/09\/Scan-1-232x300.jpg\",\"datePublished\":\"2016-09-15T15:47:48+00:00\",\"author\":{\"@id\":\"https:\/\/www.blogsoestado.com\/wilsonmarques\/#\/schema\/person\/6ab6321707821a2d204fc6de2a1f85b3\"},\"breadcrumb\":{\"@id\":\"https:\/\/www.blogsoestado.com\/wilsonmarques\/2016\/09\/15\/as-memorias-poeticas-de-marco-haurelio\/#breadcrumb\"},\"inLanguage\":\"pt-BR\",\"potentialAction\":[{\"@type\":\"ReadAction\",\"target\":[\"https:\/\/www.blogsoestado.com\/wilsonmarques\/2016\/09\/15\/as-memorias-poeticas-de-marco-haurelio\/\"]}]},{\"@type\":\"ImageObject\",\"inLanguage\":\"pt-BR\",\"@id\":\"https:\/\/www.blogsoestado.com\/wilsonmarques\/2016\/09\/15\/as-memorias-poeticas-de-marco-haurelio\/#primaryimage\",\"url\":\"https:\/\/www.blogsoestado.com\/wilsonmarques\/wp-content\/uploads\/sites\/9\/2016\/09\/Scan-1.jpg\",\"contentUrl\":\"https:\/\/www.blogsoestado.com\/wilsonmarques\/wp-content\/uploads\/sites\/9\/2016\/09\/Scan-1.jpg\",\"width\":1625,\"height\":2100},{\"@type\":\"BreadcrumbList\",\"@id\":\"https:\/\/www.blogsoestado.com\/wilsonmarques\/2016\/09\/15\/as-memorias-poeticas-de-marco-haurelio\/#breadcrumb\",\"itemListElement\":[{\"@type\":\"ListItem\",\"position\":1,\"name\":\"In\u00edcio\",\"item\":\"https:\/\/www.blogsoestado.com\/wilsonmarques\/\"},{\"@type\":\"ListItem\",\"position\":2,\"name\":\"As mem\u00f3rias po\u00e9ticas de Marco Haur\u00e9lio\"}]},{\"@type\":\"WebSite\",\"@id\":\"https:\/\/www.blogsoestado.com\/wilsonmarques\/#website\",\"url\":\"https:\/\/www.blogsoestado.com\/wilsonmarques\/\",\"name\":\"Wilson Marques\",\"description\":\"\",\"potentialAction\":[{\"@type\":\"SearchAction\",\"target\":{\"@type\":\"EntryPoint\",\"urlTemplate\":\"https:\/\/www.blogsoestado.com\/wilsonmarques\/?s={search_term_string}\"},\"query-input\":{\"@type\":\"PropertyValueSpecification\",\"valueRequired\":true,\"valueName\":\"search_term_string\"}}],\"inLanguage\":\"pt-BR\"},{\"@type\":\"Person\",\"@id\":\"https:\/\/www.blogsoestado.com\/wilsonmarques\/#\/schema\/person\/6ab6321707821a2d204fc6de2a1f85b3\",\"name\":\"Wilson Marques\",\"image\":{\"@type\":\"ImageObject\",\"inLanguage\":\"pt-BR\",\"@id\":\"https:\/\/www.blogsoestado.com\/wilsonmarques\/#\/schema\/person\/image\/\",\"url\":\"https:\/\/secure.gravatar.com\/avatar\/b7cbc00c60180383a011061e4a828d63994b1e9aed3813dfaa754539681f9ba0?s=96&d=mm&r=g\",\"contentUrl\":\"https:\/\/secure.gravatar.com\/avatar\/b7cbc00c60180383a011061e4a828d63994b1e9aed3813dfaa754539681f9ba0?s=96&d=mm&r=g\",\"caption\":\"Wilson Marques\"},\"url\":\"https:\/\/www.blogsoestado.com\/wilsonmarques\/author\/wilsonmarques\/\"}]}<\/script>\n<!-- \/ Yoast SEO plugin. -->","yoast_head_json":{"title":"As mem\u00f3rias po\u00e9ticas de Marco Haur\u00e9lio - Wilson Marques","robots":{"index":"index","follow":"follow","max-snippet":"max-snippet:-1","max-image-preview":"max-image-preview:large","max-video-preview":"max-video-preview:-1"},"canonical":"https:\/\/www.blogsoestado.com\/wilsonmarques\/2016\/09\/15\/as-memorias-poeticas-de-marco-haurelio\/","og_locale":"pt_BR","og_type":"article","og_title":"As mem\u00f3rias po\u00e9ticas de Marco Haur\u00e9lio - Wilson Marques","og_description":"&nbsp; &nbsp; &nbsp; &nbsp; &nbsp; &nbsp; &nbsp; &nbsp; &nbsp; Impossibilitado de ir a S\u00e3o Paulo durante a Bienal do Livro, [&hellip;]","og_url":"https:\/\/www.blogsoestado.com\/wilsonmarques\/2016\/09\/15\/as-memorias-poeticas-de-marco-haurelio\/","og_site_name":"Wilson Marques","article_published_time":"2016-09-15T15:47:48+00:00","og_image":[{"url":"https:\/\/www.blogsoestado.com\/wilsonmarques\/wp-content\/uploads\/sites\/9\/2016\/09\/Scan-1-232x300.jpg","type":"","width":"","height":""}],"author":"Wilson Marques","twitter_card":"summary_large_image","twitter_misc":{"Escrito por":"Wilson Marques","Est. tempo de leitura":"1 minuto"},"schema":{"@context":"https:\/\/schema.org","@graph":[{"@type":"WebPage","@id":"https:\/\/www.blogsoestado.com\/wilsonmarques\/2016\/09\/15\/as-memorias-poeticas-de-marco-haurelio\/","url":"https:\/\/www.blogsoestado.com\/wilsonmarques\/2016\/09\/15\/as-memorias-poeticas-de-marco-haurelio\/","name":"As mem\u00f3rias po\u00e9ticas de Marco Haur\u00e9lio - Wilson Marques","isPartOf":{"@id":"https:\/\/www.blogsoestado.com\/wilsonmarques\/#website"},"primaryImageOfPage":{"@id":"https:\/\/www.blogsoestado.com\/wilsonmarques\/2016\/09\/15\/as-memorias-poeticas-de-marco-haurelio\/#primaryimage"},"image":{"@id":"https:\/\/www.blogsoestado.com\/wilsonmarques\/2016\/09\/15\/as-memorias-poeticas-de-marco-haurelio\/#primaryimage"},"thumbnailUrl":"https:\/\/www.blogsoestado.com\/wilsonmarques\/wp-content\/uploads\/sites\/9\/2016\/09\/Scan-1-232x300.jpg","datePublished":"2016-09-15T15:47:48+00:00","author":{"@id":"https:\/\/www.blogsoestado.com\/wilsonmarques\/#\/schema\/person\/6ab6321707821a2d204fc6de2a1f85b3"},"breadcrumb":{"@id":"https:\/\/www.blogsoestado.com\/wilsonmarques\/2016\/09\/15\/as-memorias-poeticas-de-marco-haurelio\/#breadcrumb"},"inLanguage":"pt-BR","potentialAction":[{"@type":"ReadAction","target":["https:\/\/www.blogsoestado.com\/wilsonmarques\/2016\/09\/15\/as-memorias-poeticas-de-marco-haurelio\/"]}]},{"@type":"ImageObject","inLanguage":"pt-BR","@id":"https:\/\/www.blogsoestado.com\/wilsonmarques\/2016\/09\/15\/as-memorias-poeticas-de-marco-haurelio\/#primaryimage","url":"https:\/\/www.blogsoestado.com\/wilsonmarques\/wp-content\/uploads\/sites\/9\/2016\/09\/Scan-1.jpg","contentUrl":"https:\/\/www.blogsoestado.com\/wilsonmarques\/wp-content\/uploads\/sites\/9\/2016\/09\/Scan-1.jpg","width":1625,"height":2100},{"@type":"BreadcrumbList","@id":"https:\/\/www.blogsoestado.com\/wilsonmarques\/2016\/09\/15\/as-memorias-poeticas-de-marco-haurelio\/#breadcrumb","itemListElement":[{"@type":"ListItem","position":1,"name":"In\u00edcio","item":"https:\/\/www.blogsoestado.com\/wilsonmarques\/"},{"@type":"ListItem","position":2,"name":"As mem\u00f3rias po\u00e9ticas de Marco Haur\u00e9lio"}]},{"@type":"WebSite","@id":"https:\/\/www.blogsoestado.com\/wilsonmarques\/#website","url":"https:\/\/www.blogsoestado.com\/wilsonmarques\/","name":"Wilson Marques","description":"","potentialAction":[{"@type":"SearchAction","target":{"@type":"EntryPoint","urlTemplate":"https:\/\/www.blogsoestado.com\/wilsonmarques\/?s={search_term_string}"},"query-input":{"@type":"PropertyValueSpecification","valueRequired":true,"valueName":"search_term_string"}}],"inLanguage":"pt-BR"},{"@type":"Person","@id":"https:\/\/www.blogsoestado.com\/wilsonmarques\/#\/schema\/person\/6ab6321707821a2d204fc6de2a1f85b3","name":"Wilson Marques","image":{"@type":"ImageObject","inLanguage":"pt-BR","@id":"https:\/\/www.blogsoestado.com\/wilsonmarques\/#\/schema\/person\/image\/","url":"https:\/\/secure.gravatar.com\/avatar\/b7cbc00c60180383a011061e4a828d63994b1e9aed3813dfaa754539681f9ba0?s=96&d=mm&r=g","contentUrl":"https:\/\/secure.gravatar.com\/avatar\/b7cbc00c60180383a011061e4a828d63994b1e9aed3813dfaa754539681f9ba0?s=96&d=mm&r=g","caption":"Wilson Marques"},"url":"https:\/\/www.blogsoestado.com\/wilsonmarques\/author\/wilsonmarques\/"}]}},"jetpack_featured_media_url":"","_links":{"self":[{"href":"https:\/\/www.blogsoestado.com\/wilsonmarques\/wp-json\/wp\/v2\/posts\/638","targetHints":{"allow":["GET"]}}],"collection":[{"href":"https:\/\/www.blogsoestado.com\/wilsonmarques\/wp-json\/wp\/v2\/posts"}],"about":[{"href":"https:\/\/www.blogsoestado.com\/wilsonmarques\/wp-json\/wp\/v2\/types\/post"}],"author":[{"embeddable":true,"href":"https:\/\/www.blogsoestado.com\/wilsonmarques\/wp-json\/wp\/v2\/users\/10"}],"replies":[{"embeddable":true,"href":"https:\/\/www.blogsoestado.com\/wilsonmarques\/wp-json\/wp\/v2\/comments?post=638"}],"version-history":[{"count":0,"href":"https:\/\/www.blogsoestado.com\/wilsonmarques\/wp-json\/wp\/v2\/posts\/638\/revisions"}],"wp:attachment":[{"href":"https:\/\/www.blogsoestado.com\/wilsonmarques\/wp-json\/wp\/v2\/media?parent=638"}],"wp:term":[{"taxonomy":"category","embeddable":true,"href":"https:\/\/www.blogsoestado.com\/wilsonmarques\/wp-json\/wp\/v2\/categories?post=638"},{"taxonomy":"post_tag","embeddable":true,"href":"https:\/\/www.blogsoestado.com\/wilsonmarques\/wp-json\/wp\/v2\/tags?post=638"}],"curies":[{"name":"wp","href":"https:\/\/api.w.org\/{rel}","templated":true}]}}