{"id":658,"date":"2016-09-27T15:26:11","date_gmt":"2016-09-27T15:26:11","guid":{"rendered":"https:\/\/www.blogsoestado.com\/wilsonmarques\/?p=658"},"modified":"2016-09-27T15:26:11","modified_gmt":"2016-09-27T15:26:11","slug":"exposicao-em-fortaleza-reune-fotografos-nordestinos","status":"publish","type":"post","link":"https:\/\/www.blogsoestado.com\/wilsonmarques\/2016\/09\/27\/exposicao-em-fortaleza-reune-fotografos-nordestinos\/","title":{"rendered":"Exposi\u00e7\u00e3o em Fortaleza re\u00fane fot\u00f3grafos nordestinos"},"content":{"rendered":"<p>Nesta quinta-feira, \u00e0s 19h00, no audit\u00f3rio do Centro Drag\u00e3o do Mar de Arte e Cultura, em Fortaleza, acontece abertura da exposi\u00e7\u00e3o \u201c<strong>Narrativas e Alteridade \u2013 O outro de n\u00f3s<\/strong>\u201d, reunindo fot\u00f3grafos dos nove estados do Nordestes contemplados pelo edital <strong>Encontros de Agosto, <\/strong>numa realiza\u00e7\u00e3o da Imagem Brasil e Anima.Cult. As narrativas visuais t\u00eam como fundamento a alteridade, traduzida e discutida pelo olhar de 54 fot\u00f3grafos, sendo 23 deles cearenses. Como chamam a aten\u00e7\u00e3o os organizadores, tratar-se de \u201cuma oportunidade \u00fanica dos espectadores verem essa rica produ\u00e7\u00e3o nordestina em um s\u00f3 local, em que os artistas foram al\u00e9m das pr\u00f3prias fronteiras, trazendo e potencializando imagens de lugares e sujeitos imaginados\u201d. Participam da exposi\u00e7\u00e3o os fot\u00f3grafos maranhenses Hellyson Layo de Jesus, Jane Maciel e Wilson Marques. Exposi\u00e7\u00e3o re\u00fane.<\/p>\n<p><a href=\"https:\/\/www.blogsoestado.com\/wilsonmarques\/wp-content\/uploads\/sites\/9\/2016\/09\/gela1-1.jpg\"><img decoding=\"async\" class=\"alignleft size-medium wp-image-655\" src=\"https:\/\/www.blogsoestado.com\/wilsonmarques\/wp-content\/uploads\/sites\/9\/2016\/09\/gela1-1-165x300.jpg\" alt=\"gela1\" width=\"165\" height=\"300\" srcset=\"https:\/\/www.blogsoestado.com\/wilsonmarques\/wp-content\/uploads\/sites\/9\/2016\/09\/gela1-1-165x300.jpg 165w, https:\/\/www.blogsoestado.com\/wilsonmarques\/wp-content\/uploads\/sites\/9\/2016\/09\/gela1-1-564x1024.jpg 564w, https:\/\/www.blogsoestado.com\/wilsonmarques\/wp-content\/uploads\/sites\/9\/2016\/09\/gela1-1.jpg 700w\" sizes=\"(max-width: 165px) 100vw, 165px\" \/><\/a><\/p>\n<figure id=\"attachment_653\" aria-describedby=\"caption-attachment-653\" style=\"width: 170px\" class=\"wp-caption alignleft\"><a href=\"https:\/\/www.blogsoestado.com\/wilsonmarques\/wp-content\/uploads\/sites\/9\/2016\/09\/gela3-1.jpg\"><img fetchpriority=\"high\" decoding=\"async\" class=\"size-medium wp-image-653\" src=\"https:\/\/www.blogsoestado.com\/wilsonmarques\/wp-content\/uploads\/sites\/9\/2016\/09\/gela3-1-170x300.jpg\" alt=\"Fotos do ensaio &quot;G\u00e9lidos Interiores&quot;, com que participo do Encontros de Agosto\" width=\"170\" height=\"300\" srcset=\"https:\/\/www.blogsoestado.com\/wilsonmarques\/wp-content\/uploads\/sites\/9\/2016\/09\/gela3-1-170x300.jpg 170w, https:\/\/www.blogsoestado.com\/wilsonmarques\/wp-content\/uploads\/sites\/9\/2016\/09\/gela3-1-582x1024.jpg 582w, https:\/\/www.blogsoestado.com\/wilsonmarques\/wp-content\/uploads\/sites\/9\/2016\/09\/gela3-1.jpg 722w\" sizes=\"(max-width: 170px) 100vw, 170px\" \/><\/a><figcaption id=\"caption-attachment-653\" class=\"wp-caption-text\">Fotos do ensaio &#8220;G\u00e9lidos Interiores&#8221;, com que participo do Encontros de Agosto<\/figcaption><\/figure>\n","protected":false},"excerpt":{"rendered":"<p>Nesta quinta-feira, \u00e0s 19h00, no audit\u00f3rio do Centro Drag\u00e3o do Mar de Arte e Cultura, em Fortaleza, acontece abertura da [&hellip;]<\/p>\n","protected":false},"author":10,"featured_media":0,"comment_status":"open","ping_status":"open","sticky":false,"template":"","format":"standard","meta":{"site-sidebar-layout":"default","site-content-layout":"","ast-site-content-layout":"default","site-content-style":"default","site-sidebar-style":"default","ast-global-header-display":"","ast-banner-title-visibility":"","ast-main-header-display":"","ast-hfb-above-header-display":"","ast-hfb-below-header-display":"","ast-hfb-mobile-header-display":"","site-post-title":"","ast-breadcrumbs-content":"","ast-featured-img":"","footer-sml-layout":"","ast-disable-related-posts":"","theme-transparent-header-meta":"","adv-header-id-meta":"","stick-header-meta":"","header-above-stick-meta":"","header-main-stick-meta":"","header-below-stick-meta":"","astra-migrate-meta-layouts":"default","ast-page-background-enabled":"default","ast-page-background-meta":{"desktop":{"background-color":"var(--ast-global-color-5)","background-image":"","background-repeat":"repeat","background-position":"center center","background-size":"auto","background-attachment":"scroll","background-type":"","background-media":"","overlay-type":"","overlay-color":"","overlay-opacity":"","overlay-gradient":""},"tablet":{"background-color":"","background-image":"","background-repeat":"repeat","background-position":"center center","background-size":"auto","background-attachment":"scroll","background-type":"","background-media":"","overlay-type":"","overlay-color":"","overlay-opacity":"","overlay-gradient":""},"mobile":{"background-color":"","background-image":"","background-repeat":"repeat","background-position":"center center","background-size":"auto","background-attachment":"scroll","background-type":"","background-media":"","overlay-type":"","overlay-color":"","overlay-opacity":"","overlay-gradient":""}},"ast-content-background-meta":{"desktop":{"background-color":"var(--ast-global-color-4)","background-image":"","background-repeat":"repeat","background-position":"center center","background-size":"auto","background-attachment":"scroll","background-type":"","background-media":"","overlay-type":"","overlay-color":"","overlay-opacity":"","overlay-gradient":""},"tablet":{"background-color":"var(--ast-global-color-4)","background-image":"","background-repeat":"repeat","background-position":"center center","background-size":"auto","background-attachment":"scroll","background-type":"","background-media":"","overlay-type":"","overlay-color":"","overlay-opacity":"","overlay-gradient":""},"mobile":{"background-color":"var(--ast-global-color-4)","background-image":"","background-repeat":"repeat","background-position":"center center","background-size":"auto","background-attachment":"scroll","background-type":"","background-media":"","overlay-type":"","overlay-color":"","overlay-opacity":"","overlay-gradient":""}},"footnotes":""},"categories":[1],"tags":[],"class_list":["post-658","post","type-post","status-publish","format-standard","hentry","category-sem-categoria"],"yoast_head":"<!-- This site is optimized with the Yoast SEO plugin v26.6 - https:\/\/yoast.com\/wordpress\/plugins\/seo\/ -->\n<title>Exposi\u00e7\u00e3o em Fortaleza re\u00fane fot\u00f3grafos nordestinos - Wilson Marques<\/title>\n<meta name=\"robots\" content=\"index, follow, max-snippet:-1, max-image-preview:large, max-video-preview:-1\" \/>\n<link rel=\"canonical\" href=\"https:\/\/www.blogsoestado.com\/wilsonmarques\/2016\/09\/27\/exposicao-em-fortaleza-reune-fotografos-nordestinos\/\" \/>\n<meta property=\"og:locale\" content=\"pt_BR\" \/>\n<meta property=\"og:type\" content=\"article\" \/>\n<meta property=\"og:title\" content=\"Exposi\u00e7\u00e3o em Fortaleza re\u00fane fot\u00f3grafos nordestinos - Wilson Marques\" \/>\n<meta property=\"og:description\" content=\"Nesta quinta-feira, \u00e0s 19h00, no audit\u00f3rio do Centro Drag\u00e3o do Mar de Arte e Cultura, em Fortaleza, acontece abertura da [&hellip;]\" \/>\n<meta property=\"og:url\" content=\"https:\/\/www.blogsoestado.com\/wilsonmarques\/2016\/09\/27\/exposicao-em-fortaleza-reune-fotografos-nordestinos\/\" \/>\n<meta property=\"og:site_name\" content=\"Wilson Marques\" \/>\n<meta property=\"article:published_time\" content=\"2016-09-27T15:26:11+00:00\" \/>\n<meta property=\"og:image\" content=\"https:\/\/www.blogsoestado.com\/wilsonmarques\/wp-content\/uploads\/sites\/9\/2016\/09\/gela1-1-165x300.jpg\" \/>\n<meta name=\"author\" content=\"Wilson Marques\" \/>\n<meta name=\"twitter:card\" content=\"summary_large_image\" \/>\n<meta name=\"twitter:label1\" content=\"Escrito por\" \/>\n\t<meta name=\"twitter:data1\" content=\"Wilson Marques\" \/>\n\t<meta name=\"twitter:label2\" content=\"Est. tempo de leitura\" \/>\n\t<meta name=\"twitter:data2\" content=\"1 minuto\" \/>\n<script type=\"application\/ld+json\" class=\"yoast-schema-graph\">{\"@context\":\"https:\/\/schema.org\",\"@graph\":[{\"@type\":\"WebPage\",\"@id\":\"https:\/\/www.blogsoestado.com\/wilsonmarques\/2016\/09\/27\/exposicao-em-fortaleza-reune-fotografos-nordestinos\/\",\"url\":\"https:\/\/www.blogsoestado.com\/wilsonmarques\/2016\/09\/27\/exposicao-em-fortaleza-reune-fotografos-nordestinos\/\",\"name\":\"Exposi\u00e7\u00e3o em Fortaleza re\u00fane fot\u00f3grafos nordestinos - Wilson Marques\",\"isPartOf\":{\"@id\":\"https:\/\/www.blogsoestado.com\/wilsonmarques\/#website\"},\"primaryImageOfPage\":{\"@id\":\"https:\/\/www.blogsoestado.com\/wilsonmarques\/2016\/09\/27\/exposicao-em-fortaleza-reune-fotografos-nordestinos\/#primaryimage\"},\"image\":{\"@id\":\"https:\/\/www.blogsoestado.com\/wilsonmarques\/2016\/09\/27\/exposicao-em-fortaleza-reune-fotografos-nordestinos\/#primaryimage\"},\"thumbnailUrl\":\"https:\/\/www.blogsoestado.com\/wilsonmarques\/wp-content\/uploads\/sites\/9\/2016\/09\/gela1-1-165x300.jpg\",\"datePublished\":\"2016-09-27T15:26:11+00:00\",\"author\":{\"@id\":\"https:\/\/www.blogsoestado.com\/wilsonmarques\/#\/schema\/person\/6ab6321707821a2d204fc6de2a1f85b3\"},\"breadcrumb\":{\"@id\":\"https:\/\/www.blogsoestado.com\/wilsonmarques\/2016\/09\/27\/exposicao-em-fortaleza-reune-fotografos-nordestinos\/#breadcrumb\"},\"inLanguage\":\"pt-BR\",\"potentialAction\":[{\"@type\":\"ReadAction\",\"target\":[\"https:\/\/www.blogsoestado.com\/wilsonmarques\/2016\/09\/27\/exposicao-em-fortaleza-reune-fotografos-nordestinos\/\"]}]},{\"@type\":\"ImageObject\",\"inLanguage\":\"pt-BR\",\"@id\":\"https:\/\/www.blogsoestado.com\/wilsonmarques\/2016\/09\/27\/exposicao-em-fortaleza-reune-fotografos-nordestinos\/#primaryimage\",\"url\":\"https:\/\/www.blogsoestado.com\/wilsonmarques\/wp-content\/uploads\/sites\/9\/2016\/09\/gela1-1.jpg\",\"contentUrl\":\"https:\/\/www.blogsoestado.com\/wilsonmarques\/wp-content\/uploads\/sites\/9\/2016\/09\/gela1-1.jpg\",\"width\":700,\"height\":1271},{\"@type\":\"BreadcrumbList\",\"@id\":\"https:\/\/www.blogsoestado.com\/wilsonmarques\/2016\/09\/27\/exposicao-em-fortaleza-reune-fotografos-nordestinos\/#breadcrumb\",\"itemListElement\":[{\"@type\":\"ListItem\",\"position\":1,\"name\":\"In\u00edcio\",\"item\":\"https:\/\/www.blogsoestado.com\/wilsonmarques\/\"},{\"@type\":\"ListItem\",\"position\":2,\"name\":\"Exposi\u00e7\u00e3o em Fortaleza re\u00fane fot\u00f3grafos nordestinos\"}]},{\"@type\":\"WebSite\",\"@id\":\"https:\/\/www.blogsoestado.com\/wilsonmarques\/#website\",\"url\":\"https:\/\/www.blogsoestado.com\/wilsonmarques\/\",\"name\":\"Wilson Marques\",\"description\":\"\",\"potentialAction\":[{\"@type\":\"SearchAction\",\"target\":{\"@type\":\"EntryPoint\",\"urlTemplate\":\"https:\/\/www.blogsoestado.com\/wilsonmarques\/?s={search_term_string}\"},\"query-input\":{\"@type\":\"PropertyValueSpecification\",\"valueRequired\":true,\"valueName\":\"search_term_string\"}}],\"inLanguage\":\"pt-BR\"},{\"@type\":\"Person\",\"@id\":\"https:\/\/www.blogsoestado.com\/wilsonmarques\/#\/schema\/person\/6ab6321707821a2d204fc6de2a1f85b3\",\"name\":\"Wilson Marques\",\"image\":{\"@type\":\"ImageObject\",\"inLanguage\":\"pt-BR\",\"@id\":\"https:\/\/www.blogsoestado.com\/wilsonmarques\/#\/schema\/person\/image\/\",\"url\":\"https:\/\/secure.gravatar.com\/avatar\/b7cbc00c60180383a011061e4a828d63994b1e9aed3813dfaa754539681f9ba0?s=96&d=mm&r=g\",\"contentUrl\":\"https:\/\/secure.gravatar.com\/avatar\/b7cbc00c60180383a011061e4a828d63994b1e9aed3813dfaa754539681f9ba0?s=96&d=mm&r=g\",\"caption\":\"Wilson Marques\"},\"url\":\"https:\/\/www.blogsoestado.com\/wilsonmarques\/author\/wilsonmarques\/\"}]}<\/script>\n<!-- \/ Yoast SEO plugin. -->","yoast_head_json":{"title":"Exposi\u00e7\u00e3o em Fortaleza re\u00fane fot\u00f3grafos nordestinos - Wilson Marques","robots":{"index":"index","follow":"follow","max-snippet":"max-snippet:-1","max-image-preview":"max-image-preview:large","max-video-preview":"max-video-preview:-1"},"canonical":"https:\/\/www.blogsoestado.com\/wilsonmarques\/2016\/09\/27\/exposicao-em-fortaleza-reune-fotografos-nordestinos\/","og_locale":"pt_BR","og_type":"article","og_title":"Exposi\u00e7\u00e3o em Fortaleza re\u00fane fot\u00f3grafos nordestinos - Wilson Marques","og_description":"Nesta quinta-feira, \u00e0s 19h00, no audit\u00f3rio do Centro Drag\u00e3o do Mar de Arte e Cultura, em Fortaleza, acontece abertura da [&hellip;]","og_url":"https:\/\/www.blogsoestado.com\/wilsonmarques\/2016\/09\/27\/exposicao-em-fortaleza-reune-fotografos-nordestinos\/","og_site_name":"Wilson Marques","article_published_time":"2016-09-27T15:26:11+00:00","og_image":[{"url":"https:\/\/www.blogsoestado.com\/wilsonmarques\/wp-content\/uploads\/sites\/9\/2016\/09\/gela1-1-165x300.jpg","type":"","width":"","height":""}],"author":"Wilson Marques","twitter_card":"summary_large_image","twitter_misc":{"Escrito por":"Wilson Marques","Est. tempo de leitura":"1 minuto"},"schema":{"@context":"https:\/\/schema.org","@graph":[{"@type":"WebPage","@id":"https:\/\/www.blogsoestado.com\/wilsonmarques\/2016\/09\/27\/exposicao-em-fortaleza-reune-fotografos-nordestinos\/","url":"https:\/\/www.blogsoestado.com\/wilsonmarques\/2016\/09\/27\/exposicao-em-fortaleza-reune-fotografos-nordestinos\/","name":"Exposi\u00e7\u00e3o em Fortaleza re\u00fane fot\u00f3grafos nordestinos - Wilson Marques","isPartOf":{"@id":"https:\/\/www.blogsoestado.com\/wilsonmarques\/#website"},"primaryImageOfPage":{"@id":"https:\/\/www.blogsoestado.com\/wilsonmarques\/2016\/09\/27\/exposicao-em-fortaleza-reune-fotografos-nordestinos\/#primaryimage"},"image":{"@id":"https:\/\/www.blogsoestado.com\/wilsonmarques\/2016\/09\/27\/exposicao-em-fortaleza-reune-fotografos-nordestinos\/#primaryimage"},"thumbnailUrl":"https:\/\/www.blogsoestado.com\/wilsonmarques\/wp-content\/uploads\/sites\/9\/2016\/09\/gela1-1-165x300.jpg","datePublished":"2016-09-27T15:26:11+00:00","author":{"@id":"https:\/\/www.blogsoestado.com\/wilsonmarques\/#\/schema\/person\/6ab6321707821a2d204fc6de2a1f85b3"},"breadcrumb":{"@id":"https:\/\/www.blogsoestado.com\/wilsonmarques\/2016\/09\/27\/exposicao-em-fortaleza-reune-fotografos-nordestinos\/#breadcrumb"},"inLanguage":"pt-BR","potentialAction":[{"@type":"ReadAction","target":["https:\/\/www.blogsoestado.com\/wilsonmarques\/2016\/09\/27\/exposicao-em-fortaleza-reune-fotografos-nordestinos\/"]}]},{"@type":"ImageObject","inLanguage":"pt-BR","@id":"https:\/\/www.blogsoestado.com\/wilsonmarques\/2016\/09\/27\/exposicao-em-fortaleza-reune-fotografos-nordestinos\/#primaryimage","url":"https:\/\/www.blogsoestado.com\/wilsonmarques\/wp-content\/uploads\/sites\/9\/2016\/09\/gela1-1.jpg","contentUrl":"https:\/\/www.blogsoestado.com\/wilsonmarques\/wp-content\/uploads\/sites\/9\/2016\/09\/gela1-1.jpg","width":700,"height":1271},{"@type":"BreadcrumbList","@id":"https:\/\/www.blogsoestado.com\/wilsonmarques\/2016\/09\/27\/exposicao-em-fortaleza-reune-fotografos-nordestinos\/#breadcrumb","itemListElement":[{"@type":"ListItem","position":1,"name":"In\u00edcio","item":"https:\/\/www.blogsoestado.com\/wilsonmarques\/"},{"@type":"ListItem","position":2,"name":"Exposi\u00e7\u00e3o em Fortaleza re\u00fane fot\u00f3grafos nordestinos"}]},{"@type":"WebSite","@id":"https:\/\/www.blogsoestado.com\/wilsonmarques\/#website","url":"https:\/\/www.blogsoestado.com\/wilsonmarques\/","name":"Wilson Marques","description":"","potentialAction":[{"@type":"SearchAction","target":{"@type":"EntryPoint","urlTemplate":"https:\/\/www.blogsoestado.com\/wilsonmarques\/?s={search_term_string}"},"query-input":{"@type":"PropertyValueSpecification","valueRequired":true,"valueName":"search_term_string"}}],"inLanguage":"pt-BR"},{"@type":"Person","@id":"https:\/\/www.blogsoestado.com\/wilsonmarques\/#\/schema\/person\/6ab6321707821a2d204fc6de2a1f85b3","name":"Wilson Marques","image":{"@type":"ImageObject","inLanguage":"pt-BR","@id":"https:\/\/www.blogsoestado.com\/wilsonmarques\/#\/schema\/person\/image\/","url":"https:\/\/secure.gravatar.com\/avatar\/b7cbc00c60180383a011061e4a828d63994b1e9aed3813dfaa754539681f9ba0?s=96&d=mm&r=g","contentUrl":"https:\/\/secure.gravatar.com\/avatar\/b7cbc00c60180383a011061e4a828d63994b1e9aed3813dfaa754539681f9ba0?s=96&d=mm&r=g","caption":"Wilson Marques"},"url":"https:\/\/www.blogsoestado.com\/wilsonmarques\/author\/wilsonmarques\/"}]}},"jetpack_featured_media_url":"","_links":{"self":[{"href":"https:\/\/www.blogsoestado.com\/wilsonmarques\/wp-json\/wp\/v2\/posts\/658","targetHints":{"allow":["GET"]}}],"collection":[{"href":"https:\/\/www.blogsoestado.com\/wilsonmarques\/wp-json\/wp\/v2\/posts"}],"about":[{"href":"https:\/\/www.blogsoestado.com\/wilsonmarques\/wp-json\/wp\/v2\/types\/post"}],"author":[{"embeddable":true,"href":"https:\/\/www.blogsoestado.com\/wilsonmarques\/wp-json\/wp\/v2\/users\/10"}],"replies":[{"embeddable":true,"href":"https:\/\/www.blogsoestado.com\/wilsonmarques\/wp-json\/wp\/v2\/comments?post=658"}],"version-history":[{"count":0,"href":"https:\/\/www.blogsoestado.com\/wilsonmarques\/wp-json\/wp\/v2\/posts\/658\/revisions"}],"wp:attachment":[{"href":"https:\/\/www.blogsoestado.com\/wilsonmarques\/wp-json\/wp\/v2\/media?parent=658"}],"wp:term":[{"taxonomy":"category","embeddable":true,"href":"https:\/\/www.blogsoestado.com\/wilsonmarques\/wp-json\/wp\/v2\/categories?post=658"},{"taxonomy":"post_tag","embeddable":true,"href":"https:\/\/www.blogsoestado.com\/wilsonmarques\/wp-json\/wp\/v2\/tags?post=658"}],"curies":[{"name":"wp","href":"https:\/\/api.w.org\/{rel}","templated":true}]}}