{"id":661,"date":"2016-10-08T19:29:09","date_gmt":"2016-10-08T19:29:09","guid":{"rendered":"https:\/\/www.blogsoestado.com\/wilsonmarques\/?p=661"},"modified":"2016-10-08T19:29:09","modified_gmt":"2016-10-08T19:29:09","slug":"com-braide-sao-luis-so-tem-ganhar-diz-ricardo-rios","status":"publish","type":"post","link":"https:\/\/www.blogsoestado.com\/wilsonmarques\/2016\/10\/08\/com-braide-sao-luis-so-tem-ganhar-diz-ricardo-rios\/","title":{"rendered":"Com Braide, S\u00e3o Lu\u00eds s\u00f3 tem a ganhar, diz Ricardo Rios"},"content":{"rendered":"<p><a href=\"https:\/\/www.blogsoestado.com\/wilsonmarques\/wp-content\/uploads\/sites\/9\/2016\/10\/Ricardo-Rios-e-Braide-1.jpg\"><img fetchpriority=\"high\" decoding=\"async\" class=\"alignleft size-medium wp-image-662\" src=\"https:\/\/www.blogsoestado.com\/wilsonmarques\/wp-content\/uploads\/sites\/9\/2016\/10\/Ricardo-Rios-e-Braide-1-300x300.jpg\" alt=\"Ricardo Rios e Braide\" width=\"300\" height=\"300\" srcset=\"https:\/\/www.blogsoestado.com\/wilsonmarques\/wp-content\/uploads\/sites\/9\/2016\/10\/Ricardo-Rios-e-Braide-1-300x300.jpg 300w, https:\/\/www.blogsoestado.com\/wilsonmarques\/wp-content\/uploads\/sites\/9\/2016\/10\/Ricardo-Rios-e-Braide-1-1024x1024.jpg 1024w, https:\/\/www.blogsoestado.com\/wilsonmarques\/wp-content\/uploads\/sites\/9\/2016\/10\/Ricardo-Rios-e-Braide-1-150x150.jpg 150w, https:\/\/www.blogsoestado.com\/wilsonmarques\/wp-content\/uploads\/sites\/9\/2016\/10\/Ricardo-Rios-e-Braide-1-768x768.jpg 768w, https:\/\/www.blogsoestado.com\/wilsonmarques\/wp-content\/uploads\/sites\/9\/2016\/10\/Ricardo-Rios-e-Braide-1.jpg 1280w\" sizes=\"(max-width: 300px) 100vw, 300px\" \/><\/a><\/p>\n<p>O deputado estadual Ricardo Rios (SD) disse, ontem, que uma eventual vit\u00f3ria de Eduardo Braide (PMN) na elei\u00e7\u00e3o municipal n\u00e3o deve prejudicar as excelentes rela\u00e7\u00f5es institucionais entre prefeitura e governo do estado. Em primeiro lugar, segundo Rios, porque o que o governo Fl\u00e1vio Dino tem buscado, antes de mais nada, \u00e9 o melhor para a popula\u00e7\u00e3o de S\u00e3o Lu\u00eds, e continuar\u00e1 assim independentemente de quem sair vitorioso. Em segundo, pelo fato de Eduardo Braide, destacado deputado da Assembleia Legislativa, ter sido sempre um aliado do executivo estadual. Braide, lembrou Rios, foi l\u00edder do Bloc\u00e3o do governo na AL, e tem aprovado sempre as mat\u00e9rias do executivo, numa produtiva parceria.<\/p>\n<p>As declara\u00e7\u00f5es de Rios foram feitas ontem, durante caminhada com Eduardo Braide na Ilhinha, na regi\u00e3o do S\u00e3o Francisco, bairro que o candidato voltou a visitar para agradecer o apoio recebido das comunidades da \u00e1rea e reafirmar compromissos assumidos em visita realizada no primeiro turno da campanha. Estiveram presentes lideran\u00e7as da comunidade, vereadores e correligion\u00e1rios, num encontro que resultou num grande ato em favor da candidatura de Eduardo Braide. \u201cPelo tamanho da festa, fica claro que nosso candidato est\u00e1 no caminho certo e que a vit\u00f3ria \u00e9 pr\u00f3xima\u201d, disse Rios, que tem empenhado publicamente seu apoio ao colega de Parlamento.<\/p>\n<p>A candidatura de Eduardo Braide se constituiu na grande surpresa desta elei\u00e7\u00e3o. Figurando em quarta posi\u00e7\u00e3o e aparentemente sem chances de disputar um segundo turno, o candidato ganhou a confian\u00e7a de grande parte da popula\u00e7\u00e3o depois de debate veiculado pela TV Mirante e, de forma surpreendente, chegou em segundo lugar. Para Ricardo Rios, o que mais chamou a aten\u00e7\u00e3o foi o fato de, mesmo com o pouco tempo de programa de r\u00e1dio e TV e apenas um debate, Braide ter sido capaz de demonstrar a for\u00e7a das suas ideias e que tem plena capacidade para enfrentar os desafios vivenciados na capital. \u201c\u00c9 por isso que tenho dito que com Braide, pela sua compet\u00eancia e capacidade comprovada na Assembleia e em outras fun\u00e7\u00f5es que ocupou, pela sua juventude e for\u00e7a, nossa cidade s\u00f3 tem a ganhar\u201d, disse Rios.<\/p>\n","protected":false},"excerpt":{"rendered":"<p>O deputado estadual Ricardo Rios (SD) disse, ontem, que uma eventual vit\u00f3ria de Eduardo Braide (PMN) na elei\u00e7\u00e3o municipal n\u00e3o [&hellip;]<\/p>\n","protected":false},"author":10,"featured_media":0,"comment_status":"open","ping_status":"open","sticky":false,"template":"","format":"standard","meta":{"site-sidebar-layout":"default","site-content-layout":"","ast-site-content-layout":"default","site-content-style":"default","site-sidebar-style":"default","ast-global-header-display":"","ast-banner-title-visibility":"","ast-main-header-display":"","ast-hfb-above-header-display":"","ast-hfb-below-header-display":"","ast-hfb-mobile-header-display":"","site-post-title":"","ast-breadcrumbs-content":"","ast-featured-img":"","footer-sml-layout":"","ast-disable-related-posts":"","theme-transparent-header-meta":"","adv-header-id-meta":"","stick-header-meta":"","header-above-stick-meta":"","header-main-stick-meta":"","header-below-stick-meta":"","astra-migrate-meta-layouts":"default","ast-page-background-enabled":"default","ast-page-background-meta":{"desktop":{"background-color":"var(--ast-global-color-5)","background-image":"","background-repeat":"repeat","background-position":"center center","background-size":"auto","background-attachment":"scroll","background-type":"","background-media":"","overlay-type":"","overlay-color":"","overlay-opacity":"","overlay-gradient":""},"tablet":{"background-color":"","background-image":"","background-repeat":"repeat","background-position":"center center","background-size":"auto","background-attachment":"scroll","background-type":"","background-media":"","overlay-type":"","overlay-color":"","overlay-opacity":"","overlay-gradient":""},"mobile":{"background-color":"","background-image":"","background-repeat":"repeat","background-position":"center center","background-size":"auto","background-attachment":"scroll","background-type":"","background-media":"","overlay-type":"","overlay-color":"","overlay-opacity":"","overlay-gradient":""}},"ast-content-background-meta":{"desktop":{"background-color":"var(--ast-global-color-4)","background-image":"","background-repeat":"repeat","background-position":"center center","background-size":"auto","background-attachment":"scroll","background-type":"","background-media":"","overlay-type":"","overlay-color":"","overlay-opacity":"","overlay-gradient":""},"tablet":{"background-color":"var(--ast-global-color-4)","background-image":"","background-repeat":"repeat","background-position":"center center","background-size":"auto","background-attachment":"scroll","background-type":"","background-media":"","overlay-type":"","overlay-color":"","overlay-opacity":"","overlay-gradient":""},"mobile":{"background-color":"var(--ast-global-color-4)","background-image":"","background-repeat":"repeat","background-position":"center center","background-size":"auto","background-attachment":"scroll","background-type":"","background-media":"","overlay-type":"","overlay-color":"","overlay-opacity":"","overlay-gradient":""}},"footnotes":""},"categories":[1],"tags":[],"class_list":["post-661","post","type-post","status-publish","format-standard","hentry","category-sem-categoria"],"yoast_head":"<!-- This site is optimized with the Yoast SEO plugin v26.6 - https:\/\/yoast.com\/wordpress\/plugins\/seo\/ -->\n<title>Com Braide, S\u00e3o Lu\u00eds s\u00f3 tem a ganhar, diz Ricardo Rios - Wilson Marques<\/title>\n<meta name=\"robots\" content=\"index, follow, max-snippet:-1, max-image-preview:large, max-video-preview:-1\" \/>\n<link rel=\"canonical\" href=\"https:\/\/www.blogsoestado.com\/wilsonmarques\/2016\/10\/08\/com-braide-sao-luis-so-tem-ganhar-diz-ricardo-rios\/\" \/>\n<meta property=\"og:locale\" content=\"pt_BR\" \/>\n<meta property=\"og:type\" content=\"article\" \/>\n<meta property=\"og:title\" content=\"Com Braide, S\u00e3o Lu\u00eds s\u00f3 tem a ganhar, diz Ricardo Rios - Wilson Marques\" \/>\n<meta property=\"og:description\" content=\"O deputado estadual Ricardo Rios (SD) disse, ontem, que uma eventual vit\u00f3ria de Eduardo Braide (PMN) na elei\u00e7\u00e3o municipal n\u00e3o [&hellip;]\" \/>\n<meta property=\"og:url\" content=\"https:\/\/www.blogsoestado.com\/wilsonmarques\/2016\/10\/08\/com-braide-sao-luis-so-tem-ganhar-diz-ricardo-rios\/\" \/>\n<meta property=\"og:site_name\" content=\"Wilson Marques\" \/>\n<meta property=\"article:published_time\" content=\"2016-10-08T19:29:09+00:00\" \/>\n<meta property=\"og:image\" content=\"https:\/\/www.blogsoestado.com\/wilsonmarques\/wp-content\/uploads\/sites\/9\/2016\/10\/Ricardo-Rios-e-Braide-1-300x300.jpg\" \/>\n<meta name=\"author\" content=\"Wilson Marques\" \/>\n<meta name=\"twitter:card\" content=\"summary_large_image\" \/>\n<meta name=\"twitter:label1\" content=\"Escrito por\" \/>\n\t<meta name=\"twitter:data1\" content=\"Wilson Marques\" \/>\n\t<meta name=\"twitter:label2\" content=\"Est. tempo de leitura\" \/>\n\t<meta name=\"twitter:data2\" content=\"2 minutos\" \/>\n<script type=\"application\/ld+json\" class=\"yoast-schema-graph\">{\"@context\":\"https:\/\/schema.org\",\"@graph\":[{\"@type\":\"WebPage\",\"@id\":\"https:\/\/www.blogsoestado.com\/wilsonmarques\/2016\/10\/08\/com-braide-sao-luis-so-tem-ganhar-diz-ricardo-rios\/\",\"url\":\"https:\/\/www.blogsoestado.com\/wilsonmarques\/2016\/10\/08\/com-braide-sao-luis-so-tem-ganhar-diz-ricardo-rios\/\",\"name\":\"Com Braide, S\u00e3o Lu\u00eds s\u00f3 tem a ganhar, diz Ricardo Rios - Wilson Marques\",\"isPartOf\":{\"@id\":\"https:\/\/www.blogsoestado.com\/wilsonmarques\/#website\"},\"primaryImageOfPage\":{\"@id\":\"https:\/\/www.blogsoestado.com\/wilsonmarques\/2016\/10\/08\/com-braide-sao-luis-so-tem-ganhar-diz-ricardo-rios\/#primaryimage\"},\"image\":{\"@id\":\"https:\/\/www.blogsoestado.com\/wilsonmarques\/2016\/10\/08\/com-braide-sao-luis-so-tem-ganhar-diz-ricardo-rios\/#primaryimage\"},\"thumbnailUrl\":\"https:\/\/www.blogsoestado.com\/wilsonmarques\/wp-content\/uploads\/sites\/9\/2016\/10\/Ricardo-Rios-e-Braide-1-300x300.jpg\",\"datePublished\":\"2016-10-08T19:29:09+00:00\",\"author\":{\"@id\":\"https:\/\/www.blogsoestado.com\/wilsonmarques\/#\/schema\/person\/6ab6321707821a2d204fc6de2a1f85b3\"},\"breadcrumb\":{\"@id\":\"https:\/\/www.blogsoestado.com\/wilsonmarques\/2016\/10\/08\/com-braide-sao-luis-so-tem-ganhar-diz-ricardo-rios\/#breadcrumb\"},\"inLanguage\":\"pt-BR\",\"potentialAction\":[{\"@type\":\"ReadAction\",\"target\":[\"https:\/\/www.blogsoestado.com\/wilsonmarques\/2016\/10\/08\/com-braide-sao-luis-so-tem-ganhar-diz-ricardo-rios\/\"]}]},{\"@type\":\"ImageObject\",\"inLanguage\":\"pt-BR\",\"@id\":\"https:\/\/www.blogsoestado.com\/wilsonmarques\/2016\/10\/08\/com-braide-sao-luis-so-tem-ganhar-diz-ricardo-rios\/#primaryimage\",\"url\":\"https:\/\/www.blogsoestado.com\/wilsonmarques\/wp-content\/uploads\/sites\/9\/2016\/10\/Ricardo-Rios-e-Braide-1.jpg\",\"contentUrl\":\"https:\/\/www.blogsoestado.com\/wilsonmarques\/wp-content\/uploads\/sites\/9\/2016\/10\/Ricardo-Rios-e-Braide-1.jpg\",\"width\":1280,\"height\":1280},{\"@type\":\"BreadcrumbList\",\"@id\":\"https:\/\/www.blogsoestado.com\/wilsonmarques\/2016\/10\/08\/com-braide-sao-luis-so-tem-ganhar-diz-ricardo-rios\/#breadcrumb\",\"itemListElement\":[{\"@type\":\"ListItem\",\"position\":1,\"name\":\"In\u00edcio\",\"item\":\"https:\/\/www.blogsoestado.com\/wilsonmarques\/\"},{\"@type\":\"ListItem\",\"position\":2,\"name\":\"Com Braide, S\u00e3o Lu\u00eds s\u00f3 tem a ganhar, diz Ricardo Rios\"}]},{\"@type\":\"WebSite\",\"@id\":\"https:\/\/www.blogsoestado.com\/wilsonmarques\/#website\",\"url\":\"https:\/\/www.blogsoestado.com\/wilsonmarques\/\",\"name\":\"Wilson Marques\",\"description\":\"\",\"potentialAction\":[{\"@type\":\"SearchAction\",\"target\":{\"@type\":\"EntryPoint\",\"urlTemplate\":\"https:\/\/www.blogsoestado.com\/wilsonmarques\/?s={search_term_string}\"},\"query-input\":{\"@type\":\"PropertyValueSpecification\",\"valueRequired\":true,\"valueName\":\"search_term_string\"}}],\"inLanguage\":\"pt-BR\"},{\"@type\":\"Person\",\"@id\":\"https:\/\/www.blogsoestado.com\/wilsonmarques\/#\/schema\/person\/6ab6321707821a2d204fc6de2a1f85b3\",\"name\":\"Wilson Marques\",\"image\":{\"@type\":\"ImageObject\",\"inLanguage\":\"pt-BR\",\"@id\":\"https:\/\/www.blogsoestado.com\/wilsonmarques\/#\/schema\/person\/image\/\",\"url\":\"https:\/\/secure.gravatar.com\/avatar\/b7cbc00c60180383a011061e4a828d63994b1e9aed3813dfaa754539681f9ba0?s=96&d=mm&r=g\",\"contentUrl\":\"https:\/\/secure.gravatar.com\/avatar\/b7cbc00c60180383a011061e4a828d63994b1e9aed3813dfaa754539681f9ba0?s=96&d=mm&r=g\",\"caption\":\"Wilson Marques\"},\"url\":\"https:\/\/www.blogsoestado.com\/wilsonmarques\/author\/wilsonmarques\/\"}]}<\/script>\n<!-- \/ Yoast SEO plugin. -->","yoast_head_json":{"title":"Com Braide, S\u00e3o Lu\u00eds s\u00f3 tem a ganhar, diz Ricardo Rios - Wilson Marques","robots":{"index":"index","follow":"follow","max-snippet":"max-snippet:-1","max-image-preview":"max-image-preview:large","max-video-preview":"max-video-preview:-1"},"canonical":"https:\/\/www.blogsoestado.com\/wilsonmarques\/2016\/10\/08\/com-braide-sao-luis-so-tem-ganhar-diz-ricardo-rios\/","og_locale":"pt_BR","og_type":"article","og_title":"Com Braide, S\u00e3o Lu\u00eds s\u00f3 tem a ganhar, diz Ricardo Rios - Wilson Marques","og_description":"O deputado estadual Ricardo Rios (SD) disse, ontem, que uma eventual vit\u00f3ria de Eduardo Braide (PMN) na elei\u00e7\u00e3o municipal n\u00e3o [&hellip;]","og_url":"https:\/\/www.blogsoestado.com\/wilsonmarques\/2016\/10\/08\/com-braide-sao-luis-so-tem-ganhar-diz-ricardo-rios\/","og_site_name":"Wilson Marques","article_published_time":"2016-10-08T19:29:09+00:00","og_image":[{"url":"https:\/\/www.blogsoestado.com\/wilsonmarques\/wp-content\/uploads\/sites\/9\/2016\/10\/Ricardo-Rios-e-Braide-1-300x300.jpg","type":"","width":"","height":""}],"author":"Wilson Marques","twitter_card":"summary_large_image","twitter_misc":{"Escrito por":"Wilson Marques","Est. tempo de leitura":"2 minutos"},"schema":{"@context":"https:\/\/schema.org","@graph":[{"@type":"WebPage","@id":"https:\/\/www.blogsoestado.com\/wilsonmarques\/2016\/10\/08\/com-braide-sao-luis-so-tem-ganhar-diz-ricardo-rios\/","url":"https:\/\/www.blogsoestado.com\/wilsonmarques\/2016\/10\/08\/com-braide-sao-luis-so-tem-ganhar-diz-ricardo-rios\/","name":"Com Braide, S\u00e3o Lu\u00eds s\u00f3 tem a ganhar, diz Ricardo Rios - Wilson Marques","isPartOf":{"@id":"https:\/\/www.blogsoestado.com\/wilsonmarques\/#website"},"primaryImageOfPage":{"@id":"https:\/\/www.blogsoestado.com\/wilsonmarques\/2016\/10\/08\/com-braide-sao-luis-so-tem-ganhar-diz-ricardo-rios\/#primaryimage"},"image":{"@id":"https:\/\/www.blogsoestado.com\/wilsonmarques\/2016\/10\/08\/com-braide-sao-luis-so-tem-ganhar-diz-ricardo-rios\/#primaryimage"},"thumbnailUrl":"https:\/\/www.blogsoestado.com\/wilsonmarques\/wp-content\/uploads\/sites\/9\/2016\/10\/Ricardo-Rios-e-Braide-1-300x300.jpg","datePublished":"2016-10-08T19:29:09+00:00","author":{"@id":"https:\/\/www.blogsoestado.com\/wilsonmarques\/#\/schema\/person\/6ab6321707821a2d204fc6de2a1f85b3"},"breadcrumb":{"@id":"https:\/\/www.blogsoestado.com\/wilsonmarques\/2016\/10\/08\/com-braide-sao-luis-so-tem-ganhar-diz-ricardo-rios\/#breadcrumb"},"inLanguage":"pt-BR","potentialAction":[{"@type":"ReadAction","target":["https:\/\/www.blogsoestado.com\/wilsonmarques\/2016\/10\/08\/com-braide-sao-luis-so-tem-ganhar-diz-ricardo-rios\/"]}]},{"@type":"ImageObject","inLanguage":"pt-BR","@id":"https:\/\/www.blogsoestado.com\/wilsonmarques\/2016\/10\/08\/com-braide-sao-luis-so-tem-ganhar-diz-ricardo-rios\/#primaryimage","url":"https:\/\/www.blogsoestado.com\/wilsonmarques\/wp-content\/uploads\/sites\/9\/2016\/10\/Ricardo-Rios-e-Braide-1.jpg","contentUrl":"https:\/\/www.blogsoestado.com\/wilsonmarques\/wp-content\/uploads\/sites\/9\/2016\/10\/Ricardo-Rios-e-Braide-1.jpg","width":1280,"height":1280},{"@type":"BreadcrumbList","@id":"https:\/\/www.blogsoestado.com\/wilsonmarques\/2016\/10\/08\/com-braide-sao-luis-so-tem-ganhar-diz-ricardo-rios\/#breadcrumb","itemListElement":[{"@type":"ListItem","position":1,"name":"In\u00edcio","item":"https:\/\/www.blogsoestado.com\/wilsonmarques\/"},{"@type":"ListItem","position":2,"name":"Com Braide, S\u00e3o Lu\u00eds s\u00f3 tem a ganhar, diz Ricardo Rios"}]},{"@type":"WebSite","@id":"https:\/\/www.blogsoestado.com\/wilsonmarques\/#website","url":"https:\/\/www.blogsoestado.com\/wilsonmarques\/","name":"Wilson Marques","description":"","potentialAction":[{"@type":"SearchAction","target":{"@type":"EntryPoint","urlTemplate":"https:\/\/www.blogsoestado.com\/wilsonmarques\/?s={search_term_string}"},"query-input":{"@type":"PropertyValueSpecification","valueRequired":true,"valueName":"search_term_string"}}],"inLanguage":"pt-BR"},{"@type":"Person","@id":"https:\/\/www.blogsoestado.com\/wilsonmarques\/#\/schema\/person\/6ab6321707821a2d204fc6de2a1f85b3","name":"Wilson Marques","image":{"@type":"ImageObject","inLanguage":"pt-BR","@id":"https:\/\/www.blogsoestado.com\/wilsonmarques\/#\/schema\/person\/image\/","url":"https:\/\/secure.gravatar.com\/avatar\/b7cbc00c60180383a011061e4a828d63994b1e9aed3813dfaa754539681f9ba0?s=96&d=mm&r=g","contentUrl":"https:\/\/secure.gravatar.com\/avatar\/b7cbc00c60180383a011061e4a828d63994b1e9aed3813dfaa754539681f9ba0?s=96&d=mm&r=g","caption":"Wilson Marques"},"url":"https:\/\/www.blogsoestado.com\/wilsonmarques\/author\/wilsonmarques\/"}]}},"jetpack_featured_media_url":"","_links":{"self":[{"href":"https:\/\/www.blogsoestado.com\/wilsonmarques\/wp-json\/wp\/v2\/posts\/661","targetHints":{"allow":["GET"]}}],"collection":[{"href":"https:\/\/www.blogsoestado.com\/wilsonmarques\/wp-json\/wp\/v2\/posts"}],"about":[{"href":"https:\/\/www.blogsoestado.com\/wilsonmarques\/wp-json\/wp\/v2\/types\/post"}],"author":[{"embeddable":true,"href":"https:\/\/www.blogsoestado.com\/wilsonmarques\/wp-json\/wp\/v2\/users\/10"}],"replies":[{"embeddable":true,"href":"https:\/\/www.blogsoestado.com\/wilsonmarques\/wp-json\/wp\/v2\/comments?post=661"}],"version-history":[{"count":0,"href":"https:\/\/www.blogsoestado.com\/wilsonmarques\/wp-json\/wp\/v2\/posts\/661\/revisions"}],"wp:attachment":[{"href":"https:\/\/www.blogsoestado.com\/wilsonmarques\/wp-json\/wp\/v2\/media?parent=661"}],"wp:term":[{"taxonomy":"category","embeddable":true,"href":"https:\/\/www.blogsoestado.com\/wilsonmarques\/wp-json\/wp\/v2\/categories?post=661"},{"taxonomy":"post_tag","embeddable":true,"href":"https:\/\/www.blogsoestado.com\/wilsonmarques\/wp-json\/wp\/v2\/tags?post=661"}],"curies":[{"name":"wp","href":"https:\/\/api.w.org\/{rel}","templated":true}]}}