{"id":719,"date":"2017-08-04T20:26:05","date_gmt":"2017-08-04T20:26:05","guid":{"rendered":"https:\/\/www.blogsoestado.com\/wilsonmarques\/?p=719"},"modified":"2017-08-04T20:26:05","modified_gmt":"2017-08-04T20:26:05","slug":"projeto-caravana-leva-teatro-e-literatura-para-criancas-do-bairro-de-fatima","status":"publish","type":"post","link":"https:\/\/www.blogsoestado.com\/wilsonmarques\/2017\/08\/04\/projeto-caravana-leva-teatro-e-literatura-para-criancas-do-bairro-de-fatima\/","title":{"rendered":"Projeto Caravana leva teatro e literatura para crian\u00e7as do Bairro de F\u00e1tima"},"content":{"rendered":"<figure id=\"attachment_720\" aria-describedby=\"caption-attachment-720\" style=\"width: 640px\" class=\"wp-caption alignnone\"><a href=\"https:\/\/www.blogsoestado.com\/wilsonmarques\/wp-content\/uploads\/sites\/9\/2017\/08\/WIL_3503-1.jpg\"><img fetchpriority=\"high\" decoding=\"async\" class=\"size-full wp-image-720\" src=\"https:\/\/www.blogsoestado.com\/wilsonmarques\/wp-content\/uploads\/sites\/9\/2017\/08\/WIL_3503-1.jpg\" alt=\"\" width=\"640\" height=\"427\" srcset=\"https:\/\/www.blogsoestado.com\/wilsonmarques\/wp-content\/uploads\/sites\/9\/2017\/08\/WIL_3503-1.jpg 640w, https:\/\/www.blogsoestado.com\/wilsonmarques\/wp-content\/uploads\/sites\/9\/2017\/08\/WIL_3503-1-300x200.jpg 300w\" sizes=\"(max-width: 640px) 100vw, 640px\" \/><\/a><figcaption id=\"caption-attachment-720\" class=\"wp-caption-text\">Alegria e encantamento com a apresenta\u00e7\u00e3o do Xama Teatro<\/figcaption><\/figure>\n<p>Esta sexta-feira foi um dia muito especial para as crian\u00e7as do Educand\u00e1rio Manoel da Concei\u00e7\u00e3o Pinheiro Sobrinho, do Bairro de F\u00e1tima. Logo cedo a escola recebeu a visita do projeto \u201cCaravana &#8211; Passeios pela Hist\u00f3ria e Cultura do Maranh\u00e3o\u201d, que levou aos pequenos a magia do teatro, livros, literatura e cultura. Como tem acontecido a cada encontro, a equipe do projeto foi recebida com muito carinho e entusiasmo por alunos, professores e gestores, que prepararam a casa para uma manh\u00e3 de festa. &#8220;\u00c9 maravilhoso receber a\u00e7\u00f5es como essa, que ajudam nossas crian\u00e7as a desenvolverem a leitura, e, o que \u00e9 muito importante, o conhecimento da nossa cidade&#8221;, disse Andrelina Joana Costa Leite, presidente da Associa\u00e7\u00e3o Carente S\u00e3o Benedito do Bairro de F\u00e1tima, institui\u00e7\u00e3o que mant\u00e9m o Educand\u00e1rio.<\/p>\n<p>&nbsp;<\/p>\n<figure id=\"attachment_723\" aria-describedby=\"caption-attachment-723\" style=\"width: 640px\" class=\"wp-caption alignleft\"><a href=\"https:\/\/www.blogsoestado.com\/wilsonmarques\/wp-content\/uploads\/sites\/9\/2017\/08\/WIL_3463-1.jpg\"><img decoding=\"async\" class=\"size-full wp-image-723\" src=\"https:\/\/www.blogsoestado.com\/wilsonmarques\/wp-content\/uploads\/sites\/9\/2017\/08\/WIL_3463-1.jpg\" alt=\"\" width=\"640\" height=\"427\" srcset=\"https:\/\/www.blogsoestado.com\/wilsonmarques\/wp-content\/uploads\/sites\/9\/2017\/08\/WIL_3463-1.jpg 640w, https:\/\/www.blogsoestado.com\/wilsonmarques\/wp-content\/uploads\/sites\/9\/2017\/08\/WIL_3463-1-300x200.jpg 300w\" sizes=\"(max-width: 640px) 100vw, 640px\" \/><\/a><figcaption id=\"caption-attachment-723\" class=\"wp-caption-text\">Xama Teatro conta hist\u00f3rias para um atencioso p\u00fablico<\/figcaption><\/figure>\n<p>&nbsp;<\/p>\n<p>&nbsp;<\/p>\n<p>&nbsp;<\/p>\n<p>&nbsp;<\/p>\n<p>&nbsp;<\/p>\n<p>&nbsp;<\/p>\n<p>&nbsp;<\/p>\n<p>&nbsp;<\/p>\n<p>&nbsp;<\/p>\n<p>&nbsp;<\/p>\n<p>&nbsp;<\/p>\n<p>&nbsp;<\/p>\n<p>&nbsp;<\/p>\n<p>No p\u00e1tio lotado, com a presen\u00e7a de todas as crian\u00e7as do turno matutino, o espet\u00e1culo come\u00e7ou com a apresenta\u00e7\u00e3o do Xama Teatro. No repert\u00f3rio, narra\u00e7\u00e3o de textos dos livros que fazem parte do projeto. Em &#8220;A menina levada e a Serpente Encantada&#8221;, a turma fez uma viagem pelos mist\u00e9rios de uma das mais conhecidas lendas de S\u00e3o Lu\u00eds, a da Serpente Encantada. Divertiram-se ainda com o auto do bumba meu boi, que conta a saga de um homem, Pai Francisco, que diante da teimosia da sua mulher gr\u00e1vida, Catirina, comete o desatino de matar o boi mais querido do seu amo. Em seguida teve distribui\u00e7\u00e3o de camisetas do projeto e de livros, que tamb\u00e9m foram doados para comporem o acervo da escola.<\/p>\n<p>&nbsp;<\/p>\n<figure id=\"attachment_721\" aria-describedby=\"caption-attachment-721\" style=\"width: 640px\" class=\"wp-caption alignleft\"><a href=\"https:\/\/www.blogsoestado.com\/wilsonmarques\/wp-content\/uploads\/sites\/9\/2017\/08\/WIL_3446-1.jpg\"><img decoding=\"async\" class=\"size-full wp-image-721\" src=\"https:\/\/www.blogsoestado.com\/wilsonmarques\/wp-content\/uploads\/sites\/9\/2017\/08\/WIL_3446-1.jpg\" alt=\"\" width=\"640\" height=\"471\" srcset=\"https:\/\/www.blogsoestado.com\/wilsonmarques\/wp-content\/uploads\/sites\/9\/2017\/08\/WIL_3446-1.jpg 640w, https:\/\/www.blogsoestado.com\/wilsonmarques\/wp-content\/uploads\/sites\/9\/2017\/08\/WIL_3446-1-300x221.jpg 300w\" sizes=\"(max-width: 640px) 100vw, 640px\" \/><\/a><figcaption id=\"caption-attachment-721\" class=\"wp-caption-text\">Dona Andrelina, presidente da Associa\u00e7\u00e3o S\u00e3o Benedito, exibindo caixinha de livros do projeto Caravana<\/figcaption><\/figure>\n<p>&nbsp;<\/p>\n<p>&nbsp;<\/p>\n<p>&nbsp;<\/p>\n<p>&nbsp;<\/p>\n<p>&nbsp;<\/p>\n<p>&nbsp;<\/p>\n<p>&nbsp;<\/p>\n<p>&nbsp;<\/p>\n<p>&nbsp;<\/p>\n<p>&nbsp;<\/p>\n<p>&nbsp;<\/p>\n<p>&nbsp;<\/p>\n<p>&nbsp;<\/p>\n<p>&nbsp;<\/p>\n<p>O projeto \u201cCaravana &#8211; Passeios pela Hist\u00f3ria e Cultura do Maranh\u00e3o\u201d, ter\u00e1 continuidade na segunda-feira pr\u00f3xima (7), marcando presen\u00e7a nos munic\u00edpios de Pa\u00e7o do Lumiar e Raposa, isso depois de visitar nove cidades do interior do estado. Acontecer\u00e1 ainda, no dia 17, a apresenta\u00e7\u00e3o de encerramento, que ter\u00e1 lugar na livraria da Associa\u00e7\u00e3o Maranhense dos Escritores Independentes (AMEI), no S\u00e3o Lu\u00eds Shopping, a partir das 19h.<\/p>\n<p>O Caravana \u00e9 realizado pelo Instituto Casa do Autor Maranhense, por meio da Lei Estadual de Incentivo \u00e0 Cultura com patroc\u00ednio da Cemar.<\/p>\n<p>&nbsp;<\/p>\n","protected":false},"excerpt":{"rendered":"<p>Esta sexta-feira foi um dia muito especial para as crian\u00e7as do Educand\u00e1rio Manoel da Concei\u00e7\u00e3o Pinheiro Sobrinho, do Bairro de [&hellip;]<\/p>\n","protected":false},"author":10,"featured_media":0,"comment_status":"open","ping_status":"open","sticky":false,"template":"","format":"standard","meta":{"site-sidebar-layout":"default","site-content-layout":"","ast-site-content-layout":"default","site-content-style":"default","site-sidebar-style":"default","ast-global-header-display":"","ast-banner-title-visibility":"","ast-main-header-display":"","ast-hfb-above-header-display":"","ast-hfb-below-header-display":"","ast-hfb-mobile-header-display":"","site-post-title":"","ast-breadcrumbs-content":"","ast-featured-img":"","footer-sml-layout":"","ast-disable-related-posts":"","theme-transparent-header-meta":"","adv-header-id-meta":"","stick-header-meta":"","header-above-stick-meta":"","header-main-stick-meta":"","header-below-stick-meta":"","astra-migrate-meta-layouts":"default","ast-page-background-enabled":"default","ast-page-background-meta":{"desktop":{"background-color":"var(--ast-global-color-5)","background-image":"","background-repeat":"repeat","background-position":"center center","background-size":"auto","background-attachment":"scroll","background-type":"","background-media":"","overlay-type":"","overlay-color":"","overlay-opacity":"","overlay-gradient":""},"tablet":{"background-color":"","background-image":"","background-repeat":"repeat","background-position":"center center","background-size":"auto","background-attachment":"scroll","background-type":"","background-media":"","overlay-type":"","overlay-color":"","overlay-opacity":"","overlay-gradient":""},"mobile":{"background-color":"","background-image":"","background-repeat":"repeat","background-position":"center center","background-size":"auto","background-attachment":"scroll","background-type":"","background-media":"","overlay-type":"","overlay-color":"","overlay-opacity":"","overlay-gradient":""}},"ast-content-background-meta":{"desktop":{"background-color":"var(--ast-global-color-4)","background-image":"","background-repeat":"repeat","background-position":"center center","background-size":"auto","background-attachment":"scroll","background-type":"","background-media":"","overlay-type":"","overlay-color":"","overlay-opacity":"","overlay-gradient":""},"tablet":{"background-color":"var(--ast-global-color-4)","background-image":"","background-repeat":"repeat","background-position":"center center","background-size":"auto","background-attachment":"scroll","background-type":"","background-media":"","overlay-type":"","overlay-color":"","overlay-opacity":"","overlay-gradient":""},"mobile":{"background-color":"var(--ast-global-color-4)","background-image":"","background-repeat":"repeat","background-position":"center center","background-size":"auto","background-attachment":"scroll","background-type":"","background-media":"","overlay-type":"","overlay-color":"","overlay-opacity":"","overlay-gradient":""}},"footnotes":""},"categories":[1],"tags":[],"class_list":["post-719","post","type-post","status-publish","format-standard","hentry","category-sem-categoria"],"yoast_head":"<!-- This site is optimized with the Yoast SEO plugin v26.6 - https:\/\/yoast.com\/wordpress\/plugins\/seo\/ -->\n<title>Projeto Caravana leva teatro e literatura para crian\u00e7as do Bairro de F\u00e1tima - Wilson Marques<\/title>\n<meta name=\"robots\" content=\"index, follow, max-snippet:-1, max-image-preview:large, max-video-preview:-1\" \/>\n<link rel=\"canonical\" href=\"https:\/\/www.blogsoestado.com\/wilsonmarques\/2017\/08\/04\/projeto-caravana-leva-teatro-e-literatura-para-criancas-do-bairro-de-fatima\/\" \/>\n<meta property=\"og:locale\" content=\"pt_BR\" \/>\n<meta property=\"og:type\" content=\"article\" \/>\n<meta property=\"og:title\" content=\"Projeto Caravana leva teatro e literatura para crian\u00e7as do Bairro de F\u00e1tima - Wilson Marques\" \/>\n<meta property=\"og:description\" content=\"Esta sexta-feira foi um dia muito especial para as crian\u00e7as do Educand\u00e1rio Manoel da Concei\u00e7\u00e3o Pinheiro Sobrinho, do Bairro de [&hellip;]\" \/>\n<meta property=\"og:url\" content=\"https:\/\/www.blogsoestado.com\/wilsonmarques\/2017\/08\/04\/projeto-caravana-leva-teatro-e-literatura-para-criancas-do-bairro-de-fatima\/\" \/>\n<meta property=\"og:site_name\" content=\"Wilson Marques\" \/>\n<meta property=\"article:published_time\" content=\"2017-08-04T20:26:05+00:00\" \/>\n<meta property=\"og:image\" content=\"https:\/\/www.blogsoestado.com\/wilsonmarques\/wp-content\/uploads\/sites\/9\/2017\/08\/WIL_3503-1.jpg\" \/>\n<meta name=\"author\" content=\"Wilson Marques\" \/>\n<meta name=\"twitter:card\" content=\"summary_large_image\" \/>\n<meta name=\"twitter:label1\" content=\"Escrito por\" \/>\n\t<meta name=\"twitter:data1\" content=\"Wilson Marques\" \/>\n\t<meta name=\"twitter:label2\" content=\"Est. tempo de leitura\" \/>\n\t<meta name=\"twitter:data2\" content=\"2 minutos\" \/>\n<script type=\"application\/ld+json\" class=\"yoast-schema-graph\">{\"@context\":\"https:\/\/schema.org\",\"@graph\":[{\"@type\":\"WebPage\",\"@id\":\"https:\/\/www.blogsoestado.com\/wilsonmarques\/2017\/08\/04\/projeto-caravana-leva-teatro-e-literatura-para-criancas-do-bairro-de-fatima\/\",\"url\":\"https:\/\/www.blogsoestado.com\/wilsonmarques\/2017\/08\/04\/projeto-caravana-leva-teatro-e-literatura-para-criancas-do-bairro-de-fatima\/\",\"name\":\"Projeto Caravana leva teatro e literatura para crian\u00e7as do Bairro de F\u00e1tima - Wilson Marques\",\"isPartOf\":{\"@id\":\"https:\/\/www.blogsoestado.com\/wilsonmarques\/#website\"},\"primaryImageOfPage\":{\"@id\":\"https:\/\/www.blogsoestado.com\/wilsonmarques\/2017\/08\/04\/projeto-caravana-leva-teatro-e-literatura-para-criancas-do-bairro-de-fatima\/#primaryimage\"},\"image\":{\"@id\":\"https:\/\/www.blogsoestado.com\/wilsonmarques\/2017\/08\/04\/projeto-caravana-leva-teatro-e-literatura-para-criancas-do-bairro-de-fatima\/#primaryimage\"},\"thumbnailUrl\":\"https:\/\/www.blogsoestado.com\/wilsonmarques\/wp-content\/uploads\/sites\/9\/2017\/08\/WIL_3503-1.jpg\",\"datePublished\":\"2017-08-04T20:26:05+00:00\",\"author\":{\"@id\":\"https:\/\/www.blogsoestado.com\/wilsonmarques\/#\/schema\/person\/6ab6321707821a2d204fc6de2a1f85b3\"},\"breadcrumb\":{\"@id\":\"https:\/\/www.blogsoestado.com\/wilsonmarques\/2017\/08\/04\/projeto-caravana-leva-teatro-e-literatura-para-criancas-do-bairro-de-fatima\/#breadcrumb\"},\"inLanguage\":\"pt-BR\",\"potentialAction\":[{\"@type\":\"ReadAction\",\"target\":[\"https:\/\/www.blogsoestado.com\/wilsonmarques\/2017\/08\/04\/projeto-caravana-leva-teatro-e-literatura-para-criancas-do-bairro-de-fatima\/\"]}]},{\"@type\":\"ImageObject\",\"inLanguage\":\"pt-BR\",\"@id\":\"https:\/\/www.blogsoestado.com\/wilsonmarques\/2017\/08\/04\/projeto-caravana-leva-teatro-e-literatura-para-criancas-do-bairro-de-fatima\/#primaryimage\",\"url\":\"https:\/\/www.blogsoestado.com\/wilsonmarques\/wp-content\/uploads\/sites\/9\/2017\/08\/WIL_3503-1.jpg\",\"contentUrl\":\"https:\/\/www.blogsoestado.com\/wilsonmarques\/wp-content\/uploads\/sites\/9\/2017\/08\/WIL_3503-1.jpg\"},{\"@type\":\"BreadcrumbList\",\"@id\":\"https:\/\/www.blogsoestado.com\/wilsonmarques\/2017\/08\/04\/projeto-caravana-leva-teatro-e-literatura-para-criancas-do-bairro-de-fatima\/#breadcrumb\",\"itemListElement\":[{\"@type\":\"ListItem\",\"position\":1,\"name\":\"In\u00edcio\",\"item\":\"https:\/\/www.blogsoestado.com\/wilsonmarques\/\"},{\"@type\":\"ListItem\",\"position\":2,\"name\":\"Projeto Caravana leva teatro e literatura para crian\u00e7as do Bairro de F\u00e1tima\"}]},{\"@type\":\"WebSite\",\"@id\":\"https:\/\/www.blogsoestado.com\/wilsonmarques\/#website\",\"url\":\"https:\/\/www.blogsoestado.com\/wilsonmarques\/\",\"name\":\"Wilson Marques\",\"description\":\"\",\"potentialAction\":[{\"@type\":\"SearchAction\",\"target\":{\"@type\":\"EntryPoint\",\"urlTemplate\":\"https:\/\/www.blogsoestado.com\/wilsonmarques\/?s={search_term_string}\"},\"query-input\":{\"@type\":\"PropertyValueSpecification\",\"valueRequired\":true,\"valueName\":\"search_term_string\"}}],\"inLanguage\":\"pt-BR\"},{\"@type\":\"Person\",\"@id\":\"https:\/\/www.blogsoestado.com\/wilsonmarques\/#\/schema\/person\/6ab6321707821a2d204fc6de2a1f85b3\",\"name\":\"Wilson Marques\",\"image\":{\"@type\":\"ImageObject\",\"inLanguage\":\"pt-BR\",\"@id\":\"https:\/\/www.blogsoestado.com\/wilsonmarques\/#\/schema\/person\/image\/\",\"url\":\"https:\/\/secure.gravatar.com\/avatar\/b7cbc00c60180383a011061e4a828d63994b1e9aed3813dfaa754539681f9ba0?s=96&d=mm&r=g\",\"contentUrl\":\"https:\/\/secure.gravatar.com\/avatar\/b7cbc00c60180383a011061e4a828d63994b1e9aed3813dfaa754539681f9ba0?s=96&d=mm&r=g\",\"caption\":\"Wilson Marques\"},\"url\":\"https:\/\/www.blogsoestado.com\/wilsonmarques\/author\/wilsonmarques\/\"}]}<\/script>\n<!-- \/ Yoast SEO plugin. -->","yoast_head_json":{"title":"Projeto Caravana leva teatro e literatura para crian\u00e7as do Bairro de F\u00e1tima - Wilson Marques","robots":{"index":"index","follow":"follow","max-snippet":"max-snippet:-1","max-image-preview":"max-image-preview:large","max-video-preview":"max-video-preview:-1"},"canonical":"https:\/\/www.blogsoestado.com\/wilsonmarques\/2017\/08\/04\/projeto-caravana-leva-teatro-e-literatura-para-criancas-do-bairro-de-fatima\/","og_locale":"pt_BR","og_type":"article","og_title":"Projeto Caravana leva teatro e literatura para crian\u00e7as do Bairro de F\u00e1tima - Wilson Marques","og_description":"Esta sexta-feira foi um dia muito especial para as crian\u00e7as do Educand\u00e1rio Manoel da Concei\u00e7\u00e3o Pinheiro Sobrinho, do Bairro de [&hellip;]","og_url":"https:\/\/www.blogsoestado.com\/wilsonmarques\/2017\/08\/04\/projeto-caravana-leva-teatro-e-literatura-para-criancas-do-bairro-de-fatima\/","og_site_name":"Wilson Marques","article_published_time":"2017-08-04T20:26:05+00:00","og_image":[{"url":"https:\/\/www.blogsoestado.com\/wilsonmarques\/wp-content\/uploads\/sites\/9\/2017\/08\/WIL_3503-1.jpg","type":"","width":"","height":""}],"author":"Wilson Marques","twitter_card":"summary_large_image","twitter_misc":{"Escrito por":"Wilson Marques","Est. tempo de leitura":"2 minutos"},"schema":{"@context":"https:\/\/schema.org","@graph":[{"@type":"WebPage","@id":"https:\/\/www.blogsoestado.com\/wilsonmarques\/2017\/08\/04\/projeto-caravana-leva-teatro-e-literatura-para-criancas-do-bairro-de-fatima\/","url":"https:\/\/www.blogsoestado.com\/wilsonmarques\/2017\/08\/04\/projeto-caravana-leva-teatro-e-literatura-para-criancas-do-bairro-de-fatima\/","name":"Projeto Caravana leva teatro e literatura para crian\u00e7as do Bairro de F\u00e1tima - Wilson Marques","isPartOf":{"@id":"https:\/\/www.blogsoestado.com\/wilsonmarques\/#website"},"primaryImageOfPage":{"@id":"https:\/\/www.blogsoestado.com\/wilsonmarques\/2017\/08\/04\/projeto-caravana-leva-teatro-e-literatura-para-criancas-do-bairro-de-fatima\/#primaryimage"},"image":{"@id":"https:\/\/www.blogsoestado.com\/wilsonmarques\/2017\/08\/04\/projeto-caravana-leva-teatro-e-literatura-para-criancas-do-bairro-de-fatima\/#primaryimage"},"thumbnailUrl":"https:\/\/www.blogsoestado.com\/wilsonmarques\/wp-content\/uploads\/sites\/9\/2017\/08\/WIL_3503-1.jpg","datePublished":"2017-08-04T20:26:05+00:00","author":{"@id":"https:\/\/www.blogsoestado.com\/wilsonmarques\/#\/schema\/person\/6ab6321707821a2d204fc6de2a1f85b3"},"breadcrumb":{"@id":"https:\/\/www.blogsoestado.com\/wilsonmarques\/2017\/08\/04\/projeto-caravana-leva-teatro-e-literatura-para-criancas-do-bairro-de-fatima\/#breadcrumb"},"inLanguage":"pt-BR","potentialAction":[{"@type":"ReadAction","target":["https:\/\/www.blogsoestado.com\/wilsonmarques\/2017\/08\/04\/projeto-caravana-leva-teatro-e-literatura-para-criancas-do-bairro-de-fatima\/"]}]},{"@type":"ImageObject","inLanguage":"pt-BR","@id":"https:\/\/www.blogsoestado.com\/wilsonmarques\/2017\/08\/04\/projeto-caravana-leva-teatro-e-literatura-para-criancas-do-bairro-de-fatima\/#primaryimage","url":"https:\/\/www.blogsoestado.com\/wilsonmarques\/wp-content\/uploads\/sites\/9\/2017\/08\/WIL_3503-1.jpg","contentUrl":"https:\/\/www.blogsoestado.com\/wilsonmarques\/wp-content\/uploads\/sites\/9\/2017\/08\/WIL_3503-1.jpg"},{"@type":"BreadcrumbList","@id":"https:\/\/www.blogsoestado.com\/wilsonmarques\/2017\/08\/04\/projeto-caravana-leva-teatro-e-literatura-para-criancas-do-bairro-de-fatima\/#breadcrumb","itemListElement":[{"@type":"ListItem","position":1,"name":"In\u00edcio","item":"https:\/\/www.blogsoestado.com\/wilsonmarques\/"},{"@type":"ListItem","position":2,"name":"Projeto Caravana leva teatro e literatura para crian\u00e7as do Bairro de F\u00e1tima"}]},{"@type":"WebSite","@id":"https:\/\/www.blogsoestado.com\/wilsonmarques\/#website","url":"https:\/\/www.blogsoestado.com\/wilsonmarques\/","name":"Wilson Marques","description":"","potentialAction":[{"@type":"SearchAction","target":{"@type":"EntryPoint","urlTemplate":"https:\/\/www.blogsoestado.com\/wilsonmarques\/?s={search_term_string}"},"query-input":{"@type":"PropertyValueSpecification","valueRequired":true,"valueName":"search_term_string"}}],"inLanguage":"pt-BR"},{"@type":"Person","@id":"https:\/\/www.blogsoestado.com\/wilsonmarques\/#\/schema\/person\/6ab6321707821a2d204fc6de2a1f85b3","name":"Wilson Marques","image":{"@type":"ImageObject","inLanguage":"pt-BR","@id":"https:\/\/www.blogsoestado.com\/wilsonmarques\/#\/schema\/person\/image\/","url":"https:\/\/secure.gravatar.com\/avatar\/b7cbc00c60180383a011061e4a828d63994b1e9aed3813dfaa754539681f9ba0?s=96&d=mm&r=g","contentUrl":"https:\/\/secure.gravatar.com\/avatar\/b7cbc00c60180383a011061e4a828d63994b1e9aed3813dfaa754539681f9ba0?s=96&d=mm&r=g","caption":"Wilson Marques"},"url":"https:\/\/www.blogsoestado.com\/wilsonmarques\/author\/wilsonmarques\/"}]}},"jetpack_featured_media_url":"","_links":{"self":[{"href":"https:\/\/www.blogsoestado.com\/wilsonmarques\/wp-json\/wp\/v2\/posts\/719","targetHints":{"allow":["GET"]}}],"collection":[{"href":"https:\/\/www.blogsoestado.com\/wilsonmarques\/wp-json\/wp\/v2\/posts"}],"about":[{"href":"https:\/\/www.blogsoestado.com\/wilsonmarques\/wp-json\/wp\/v2\/types\/post"}],"author":[{"embeddable":true,"href":"https:\/\/www.blogsoestado.com\/wilsonmarques\/wp-json\/wp\/v2\/users\/10"}],"replies":[{"embeddable":true,"href":"https:\/\/www.blogsoestado.com\/wilsonmarques\/wp-json\/wp\/v2\/comments?post=719"}],"version-history":[{"count":0,"href":"https:\/\/www.blogsoestado.com\/wilsonmarques\/wp-json\/wp\/v2\/posts\/719\/revisions"}],"wp:attachment":[{"href":"https:\/\/www.blogsoestado.com\/wilsonmarques\/wp-json\/wp\/v2\/media?parent=719"}],"wp:term":[{"taxonomy":"category","embeddable":true,"href":"https:\/\/www.blogsoestado.com\/wilsonmarques\/wp-json\/wp\/v2\/categories?post=719"},{"taxonomy":"post_tag","embeddable":true,"href":"https:\/\/www.blogsoestado.com\/wilsonmarques\/wp-json\/wp\/v2\/tags?post=719"}],"curies":[{"name":"wp","href":"https:\/\/api.w.org\/{rel}","templated":true}]}}