{"id":747,"date":"2017-08-17T11:27:08","date_gmt":"2017-08-17T11:27:08","guid":{"rendered":"https:\/\/www.blogsoestado.com\/wilsonmarques\/?p=747"},"modified":"2017-08-17T11:27:08","modified_gmt":"2017-08-17T11:27:08","slug":"passeios-pela-historia-e-cultura-do-maranhao-tem-lancamento-de-livros-na-amei","status":"publish","type":"post","link":"https:\/\/www.blogsoestado.com\/wilsonmarques\/2017\/08\/17\/passeios-pela-historia-e-cultura-do-maranhao-tem-lancamento-de-livros-na-amei\/","title":{"rendered":"PASSEIOS PELA HIST\u00d3RIA E CULTURA DO MARANH\u00c3O TEM LAN\u00c7AMENTO DE LIVROS NA AMEI"},"content":{"rendered":"<p><strong><em>Projeto com patroc\u00ednio da Cemar visitou, de maio a agosto deste ano, escolas p\u00fablicas e espa\u00e7os culturais de dez cidades maranhenses <\/em><\/strong><\/p>\n<p><strong><em><a href=\"https:\/\/www.blogsoestado.com\/wilsonmarques\/wp-content\/uploads\/sites\/9\/2017\/08\/BOX_ENVIAR02-1.jpg\"><img fetchpriority=\"high\" decoding=\"async\" class=\"alignleft size-full wp-image-748\" src=\"https:\/\/www.blogsoestado.com\/wilsonmarques\/wp-content\/uploads\/sites\/9\/2017\/08\/BOX_ENVIAR02-1.jpg\" alt=\"\" width=\"571\" height=\"480\" srcset=\"https:\/\/www.blogsoestado.com\/wilsonmarques\/wp-content\/uploads\/sites\/9\/2017\/08\/BOX_ENVIAR02-1.jpg 571w, https:\/\/www.blogsoestado.com\/wilsonmarques\/wp-content\/uploads\/sites\/9\/2017\/08\/BOX_ENVIAR02-1-300x252.jpg 300w\" sizes=\"(max-width: 571px) 100vw, 571px\" \/><\/a>\u00a0<\/em><\/strong><\/p>\n<p>&nbsp;<\/p>\n<p>&nbsp;<\/p>\n<p>&nbsp;<\/p>\n<p>&nbsp;<\/p>\n<p>&nbsp;<\/p>\n<p>&nbsp;<\/p>\n<p>&nbsp;<\/p>\n<p>&nbsp;<\/p>\n<p>&nbsp;<\/p>\n<p>&nbsp;<\/p>\n<p>&nbsp;<\/p>\n<p>&nbsp;<\/p>\n<p>&nbsp;<\/p>\n<p>Ser\u00e1 hoje (17), a partir das 19h, na livraria AMEI, no S\u00e3o Lu\u00eds Shopping, o lan\u00e7amento em S\u00e3o Lu\u00eds dos livros do projeto <em>Caravana &#8211;<\/em> <em>Passeios pela Hist\u00f3ria e Cultura do Maranh\u00e3o,<\/em> que percorreu v\u00e1rias cidades maranhenses nos \u00faltimos tr\u00eas meses. O projeto come\u00e7ou em A\u00e7ail\u00e2ndia e Imperatriz dia 18 de maio e nas semanas seguintes esteve em Caxias, Timon, Pinheiro, Viana, Santa In\u00eas, Pedreiras, S\u00e3o Jos\u00e9 de Ribamar, Pa\u00e7o do Lumiar e S\u00e3o Lu\u00eds.<\/p>\n<p>Em todas as cidades os lan\u00e7amentos foram feitos em escolas p\u00fablicas e espa\u00e7os culturais. Al\u00e9m de bate-papo com crian\u00e7as e adolescentes, houve apresenta\u00e7\u00e3o do grupo Xama Teatro, com pe\u00e7as inspiradas nos textos dos livros.<\/p>\n<p>Durante cada um dos lan\u00e7amentos foram distribu\u00eddos kits (cada um com seis livros) que re\u00fanem as aventuras do personagem Touch\u00ea. As obras contam com ilustra\u00e7\u00f5es in\u00e9ditas de Kirlley Vel\u00f4so. E s\u00e3o inspiradas nas tradi\u00e7\u00f5es e cultura do Maranh\u00e3o, tendo como pano de fundo festas populares, lendas e momentos hist\u00f3ricos, a exemplo da funda\u00e7\u00e3o de S\u00e3o Lu\u00eds, Revolta de Beckman e Balaiada. A realiza\u00e7\u00e3o \u00e9 da Casa do Autor Maranhense por meio da Lei Estadual de Incentivo \u00e0 Cultura com patroc\u00ednio da Cemar. O objetivo do projeto \u00e9 promover o incentivo \u00e0 leitura entre crian\u00e7as e adolescentes e disseminar o conhecimento a respeito do nosso estado e das nossas tradi\u00e7\u00f5es.<\/p>\n<p>Na primeira etapa do projeto, em 2015\/2016, foram visitadas 25 escolas da capital, entre p\u00fablicas e comunit\u00e1rias, levando literatura e teatro para o p\u00fablico infanto-juvenil.<\/p>\n<p><strong>\u00a0<\/strong><strong>PROJETO PASSEIOS PELA HIST\u00d3RIA E CULTURA DO MARANH\u00c3O<\/strong><\/p>\n<p>Lan\u00e7amento de caixa com seis livros de Wilson Marques<\/p>\n<p>Dia 17 de agosto<\/p>\n<p>Livraria AMEI \u2013 S\u00e3o Lu\u00eds Shopping, \u00e0s 19h<\/p>\n<p>Com apresenta\u00e7\u00e3o teatral do Xama Teatro<\/p>\n<p><strong>\u00a0T\u00edtulos:<\/strong><\/p>\n<p><em>Touch\u00ea em a invas\u00e3o francesa e a funda\u00e7\u00e3o de S\u00e3o Lu\u00eds<\/em><\/p>\n<p><em>Touch\u00ea em uma aventura pela \u201cCidade dos Azulejos\u201d<\/em><\/p>\n<p><em>Touch\u00ea em a revolta de Beckman e nos tempos de Pombal<\/em><\/p>\n<p><em>Touch\u00ea em uma aventura em noite de S\u00e3o Jo\u00e3o<\/em><\/p>\n<p><em>Touch\u00ea em o mist\u00e9rio da serpente<\/em><\/p>\n<p><em>Touch\u00ea em Balaiada, a revolta<\/em><\/p>\n","protected":false},"excerpt":{"rendered":"<p>Projeto com patroc\u00ednio da Cemar visitou, de maio a agosto deste ano, escolas p\u00fablicas e espa\u00e7os culturais de dez cidades [&hellip;]<\/p>\n","protected":false},"author":10,"featured_media":0,"comment_status":"open","ping_status":"open","sticky":false,"template":"","format":"standard","meta":{"site-sidebar-layout":"default","site-content-layout":"","ast-site-content-layout":"default","site-content-style":"default","site-sidebar-style":"default","ast-global-header-display":"","ast-banner-title-visibility":"","ast-main-header-display":"","ast-hfb-above-header-display":"","ast-hfb-below-header-display":"","ast-hfb-mobile-header-display":"","site-post-title":"","ast-breadcrumbs-content":"","ast-featured-img":"","footer-sml-layout":"","ast-disable-related-posts":"","theme-transparent-header-meta":"","adv-header-id-meta":"","stick-header-meta":"","header-above-stick-meta":"","header-main-stick-meta":"","header-below-stick-meta":"","astra-migrate-meta-layouts":"default","ast-page-background-enabled":"default","ast-page-background-meta":{"desktop":{"background-color":"var(--ast-global-color-5)","background-image":"","background-repeat":"repeat","background-position":"center center","background-size":"auto","background-attachment":"scroll","background-type":"","background-media":"","overlay-type":"","overlay-color":"","overlay-opacity":"","overlay-gradient":""},"tablet":{"background-color":"","background-image":"","background-repeat":"repeat","background-position":"center center","background-size":"auto","background-attachment":"scroll","background-type":"","background-media":"","overlay-type":"","overlay-color":"","overlay-opacity":"","overlay-gradient":""},"mobile":{"background-color":"","background-image":"","background-repeat":"repeat","background-position":"center center","background-size":"auto","background-attachment":"scroll","background-type":"","background-media":"","overlay-type":"","overlay-color":"","overlay-opacity":"","overlay-gradient":""}},"ast-content-background-meta":{"desktop":{"background-color":"var(--ast-global-color-4)","background-image":"","background-repeat":"repeat","background-position":"center center","background-size":"auto","background-attachment":"scroll","background-type":"","background-media":"","overlay-type":"","overlay-color":"","overlay-opacity":"","overlay-gradient":""},"tablet":{"background-color":"var(--ast-global-color-4)","background-image":"","background-repeat":"repeat","background-position":"center center","background-size":"auto","background-attachment":"scroll","background-type":"","background-media":"","overlay-type":"","overlay-color":"","overlay-opacity":"","overlay-gradient":""},"mobile":{"background-color":"var(--ast-global-color-4)","background-image":"","background-repeat":"repeat","background-position":"center center","background-size":"auto","background-attachment":"scroll","background-type":"","background-media":"","overlay-type":"","overlay-color":"","overlay-opacity":"","overlay-gradient":""}},"footnotes":""},"categories":[1],"tags":[],"class_list":["post-747","post","type-post","status-publish","format-standard","hentry","category-sem-categoria"],"yoast_head":"<!-- This site is optimized with the Yoast SEO plugin v26.6 - https:\/\/yoast.com\/wordpress\/plugins\/seo\/ -->\n<title>PASSEIOS PELA HIST\u00d3RIA E CULTURA DO MARANH\u00c3O TEM LAN\u00c7AMENTO DE LIVROS NA AMEI - Wilson Marques<\/title>\n<meta name=\"robots\" content=\"index, follow, max-snippet:-1, max-image-preview:large, max-video-preview:-1\" \/>\n<link rel=\"canonical\" href=\"https:\/\/www.blogsoestado.com\/wilsonmarques\/2017\/08\/17\/passeios-pela-historia-e-cultura-do-maranhao-tem-lancamento-de-livros-na-amei\/\" \/>\n<meta property=\"og:locale\" content=\"pt_BR\" \/>\n<meta property=\"og:type\" content=\"article\" \/>\n<meta property=\"og:title\" content=\"PASSEIOS PELA HIST\u00d3RIA E CULTURA DO MARANH\u00c3O TEM LAN\u00c7AMENTO DE LIVROS NA AMEI - Wilson Marques\" \/>\n<meta property=\"og:description\" content=\"Projeto com patroc\u00ednio da Cemar visitou, de maio a agosto deste ano, escolas p\u00fablicas e espa\u00e7os culturais de dez cidades [&hellip;]\" \/>\n<meta property=\"og:url\" content=\"https:\/\/www.blogsoestado.com\/wilsonmarques\/2017\/08\/17\/passeios-pela-historia-e-cultura-do-maranhao-tem-lancamento-de-livros-na-amei\/\" \/>\n<meta property=\"og:site_name\" content=\"Wilson Marques\" \/>\n<meta property=\"article:published_time\" content=\"2017-08-17T11:27:08+00:00\" \/>\n<meta property=\"og:image\" content=\"https:\/\/www.blogsoestado.com\/wilsonmarques\/wp-content\/uploads\/sites\/9\/2017\/08\/BOX_ENVIAR02-1.jpg\" \/>\n<meta name=\"author\" content=\"Wilson Marques\" \/>\n<meta name=\"twitter:card\" content=\"summary_large_image\" \/>\n<meta name=\"twitter:label1\" content=\"Escrito por\" \/>\n\t<meta name=\"twitter:data1\" content=\"Wilson Marques\" \/>\n\t<meta name=\"twitter:label2\" content=\"Est. tempo de leitura\" \/>\n\t<meta name=\"twitter:data2\" content=\"2 minutos\" \/>\n<script type=\"application\/ld+json\" class=\"yoast-schema-graph\">{\"@context\":\"https:\/\/schema.org\",\"@graph\":[{\"@type\":\"WebPage\",\"@id\":\"https:\/\/www.blogsoestado.com\/wilsonmarques\/2017\/08\/17\/passeios-pela-historia-e-cultura-do-maranhao-tem-lancamento-de-livros-na-amei\/\",\"url\":\"https:\/\/www.blogsoestado.com\/wilsonmarques\/2017\/08\/17\/passeios-pela-historia-e-cultura-do-maranhao-tem-lancamento-de-livros-na-amei\/\",\"name\":\"PASSEIOS PELA HIST\u00d3RIA E CULTURA DO MARANH\u00c3O TEM LAN\u00c7AMENTO DE LIVROS NA AMEI - Wilson Marques\",\"isPartOf\":{\"@id\":\"https:\/\/www.blogsoestado.com\/wilsonmarques\/#website\"},\"primaryImageOfPage\":{\"@id\":\"https:\/\/www.blogsoestado.com\/wilsonmarques\/2017\/08\/17\/passeios-pela-historia-e-cultura-do-maranhao-tem-lancamento-de-livros-na-amei\/#primaryimage\"},\"image\":{\"@id\":\"https:\/\/www.blogsoestado.com\/wilsonmarques\/2017\/08\/17\/passeios-pela-historia-e-cultura-do-maranhao-tem-lancamento-de-livros-na-amei\/#primaryimage\"},\"thumbnailUrl\":\"https:\/\/www.blogsoestado.com\/wilsonmarques\/wp-content\/uploads\/sites\/9\/2017\/08\/BOX_ENVIAR02-1.jpg\",\"datePublished\":\"2017-08-17T11:27:08+00:00\",\"author\":{\"@id\":\"https:\/\/www.blogsoestado.com\/wilsonmarques\/#\/schema\/person\/6ab6321707821a2d204fc6de2a1f85b3\"},\"breadcrumb\":{\"@id\":\"https:\/\/www.blogsoestado.com\/wilsonmarques\/2017\/08\/17\/passeios-pela-historia-e-cultura-do-maranhao-tem-lancamento-de-livros-na-amei\/#breadcrumb\"},\"inLanguage\":\"pt-BR\",\"potentialAction\":[{\"@type\":\"ReadAction\",\"target\":[\"https:\/\/www.blogsoestado.com\/wilsonmarques\/2017\/08\/17\/passeios-pela-historia-e-cultura-do-maranhao-tem-lancamento-de-livros-na-amei\/\"]}]},{\"@type\":\"ImageObject\",\"inLanguage\":\"pt-BR\",\"@id\":\"https:\/\/www.blogsoestado.com\/wilsonmarques\/2017\/08\/17\/passeios-pela-historia-e-cultura-do-maranhao-tem-lancamento-de-livros-na-amei\/#primaryimage\",\"url\":\"https:\/\/www.blogsoestado.com\/wilsonmarques\/wp-content\/uploads\/sites\/9\/2017\/08\/BOX_ENVIAR02-1.jpg\",\"contentUrl\":\"https:\/\/www.blogsoestado.com\/wilsonmarques\/wp-content\/uploads\/sites\/9\/2017\/08\/BOX_ENVIAR02-1.jpg\"},{\"@type\":\"BreadcrumbList\",\"@id\":\"https:\/\/www.blogsoestado.com\/wilsonmarques\/2017\/08\/17\/passeios-pela-historia-e-cultura-do-maranhao-tem-lancamento-de-livros-na-amei\/#breadcrumb\",\"itemListElement\":[{\"@type\":\"ListItem\",\"position\":1,\"name\":\"In\u00edcio\",\"item\":\"https:\/\/www.blogsoestado.com\/wilsonmarques\/\"},{\"@type\":\"ListItem\",\"position\":2,\"name\":\"PASSEIOS PELA HIST\u00d3RIA E CULTURA DO MARANH\u00c3O TEM LAN\u00c7AMENTO DE LIVROS NA AMEI\"}]},{\"@type\":\"WebSite\",\"@id\":\"https:\/\/www.blogsoestado.com\/wilsonmarques\/#website\",\"url\":\"https:\/\/www.blogsoestado.com\/wilsonmarques\/\",\"name\":\"Wilson Marques\",\"description\":\"\",\"potentialAction\":[{\"@type\":\"SearchAction\",\"target\":{\"@type\":\"EntryPoint\",\"urlTemplate\":\"https:\/\/www.blogsoestado.com\/wilsonmarques\/?s={search_term_string}\"},\"query-input\":{\"@type\":\"PropertyValueSpecification\",\"valueRequired\":true,\"valueName\":\"search_term_string\"}}],\"inLanguage\":\"pt-BR\"},{\"@type\":\"Person\",\"@id\":\"https:\/\/www.blogsoestado.com\/wilsonmarques\/#\/schema\/person\/6ab6321707821a2d204fc6de2a1f85b3\",\"name\":\"Wilson Marques\",\"image\":{\"@type\":\"ImageObject\",\"inLanguage\":\"pt-BR\",\"@id\":\"https:\/\/www.blogsoestado.com\/wilsonmarques\/#\/schema\/person\/image\/\",\"url\":\"https:\/\/secure.gravatar.com\/avatar\/b7cbc00c60180383a011061e4a828d63994b1e9aed3813dfaa754539681f9ba0?s=96&d=mm&r=g\",\"contentUrl\":\"https:\/\/secure.gravatar.com\/avatar\/b7cbc00c60180383a011061e4a828d63994b1e9aed3813dfaa754539681f9ba0?s=96&d=mm&r=g\",\"caption\":\"Wilson Marques\"},\"url\":\"https:\/\/www.blogsoestado.com\/wilsonmarques\/author\/wilsonmarques\/\"}]}<\/script>\n<!-- \/ Yoast SEO plugin. -->","yoast_head_json":{"title":"PASSEIOS PELA HIST\u00d3RIA E CULTURA DO MARANH\u00c3O TEM LAN\u00c7AMENTO DE LIVROS NA AMEI - Wilson Marques","robots":{"index":"index","follow":"follow","max-snippet":"max-snippet:-1","max-image-preview":"max-image-preview:large","max-video-preview":"max-video-preview:-1"},"canonical":"https:\/\/www.blogsoestado.com\/wilsonmarques\/2017\/08\/17\/passeios-pela-historia-e-cultura-do-maranhao-tem-lancamento-de-livros-na-amei\/","og_locale":"pt_BR","og_type":"article","og_title":"PASSEIOS PELA HIST\u00d3RIA E CULTURA DO MARANH\u00c3O TEM LAN\u00c7AMENTO DE LIVROS NA AMEI - Wilson Marques","og_description":"Projeto com patroc\u00ednio da Cemar visitou, de maio a agosto deste ano, escolas p\u00fablicas e espa\u00e7os culturais de dez cidades [&hellip;]","og_url":"https:\/\/www.blogsoestado.com\/wilsonmarques\/2017\/08\/17\/passeios-pela-historia-e-cultura-do-maranhao-tem-lancamento-de-livros-na-amei\/","og_site_name":"Wilson Marques","article_published_time":"2017-08-17T11:27:08+00:00","og_image":[{"url":"https:\/\/www.blogsoestado.com\/wilsonmarques\/wp-content\/uploads\/sites\/9\/2017\/08\/BOX_ENVIAR02-1.jpg","type":"","width":"","height":""}],"author":"Wilson Marques","twitter_card":"summary_large_image","twitter_misc":{"Escrito por":"Wilson Marques","Est. tempo de leitura":"2 minutos"},"schema":{"@context":"https:\/\/schema.org","@graph":[{"@type":"WebPage","@id":"https:\/\/www.blogsoestado.com\/wilsonmarques\/2017\/08\/17\/passeios-pela-historia-e-cultura-do-maranhao-tem-lancamento-de-livros-na-amei\/","url":"https:\/\/www.blogsoestado.com\/wilsonmarques\/2017\/08\/17\/passeios-pela-historia-e-cultura-do-maranhao-tem-lancamento-de-livros-na-amei\/","name":"PASSEIOS PELA HIST\u00d3RIA E CULTURA DO MARANH\u00c3O TEM LAN\u00c7AMENTO DE LIVROS NA AMEI - Wilson Marques","isPartOf":{"@id":"https:\/\/www.blogsoestado.com\/wilsonmarques\/#website"},"primaryImageOfPage":{"@id":"https:\/\/www.blogsoestado.com\/wilsonmarques\/2017\/08\/17\/passeios-pela-historia-e-cultura-do-maranhao-tem-lancamento-de-livros-na-amei\/#primaryimage"},"image":{"@id":"https:\/\/www.blogsoestado.com\/wilsonmarques\/2017\/08\/17\/passeios-pela-historia-e-cultura-do-maranhao-tem-lancamento-de-livros-na-amei\/#primaryimage"},"thumbnailUrl":"https:\/\/www.blogsoestado.com\/wilsonmarques\/wp-content\/uploads\/sites\/9\/2017\/08\/BOX_ENVIAR02-1.jpg","datePublished":"2017-08-17T11:27:08+00:00","author":{"@id":"https:\/\/www.blogsoestado.com\/wilsonmarques\/#\/schema\/person\/6ab6321707821a2d204fc6de2a1f85b3"},"breadcrumb":{"@id":"https:\/\/www.blogsoestado.com\/wilsonmarques\/2017\/08\/17\/passeios-pela-historia-e-cultura-do-maranhao-tem-lancamento-de-livros-na-amei\/#breadcrumb"},"inLanguage":"pt-BR","potentialAction":[{"@type":"ReadAction","target":["https:\/\/www.blogsoestado.com\/wilsonmarques\/2017\/08\/17\/passeios-pela-historia-e-cultura-do-maranhao-tem-lancamento-de-livros-na-amei\/"]}]},{"@type":"ImageObject","inLanguage":"pt-BR","@id":"https:\/\/www.blogsoestado.com\/wilsonmarques\/2017\/08\/17\/passeios-pela-historia-e-cultura-do-maranhao-tem-lancamento-de-livros-na-amei\/#primaryimage","url":"https:\/\/www.blogsoestado.com\/wilsonmarques\/wp-content\/uploads\/sites\/9\/2017\/08\/BOX_ENVIAR02-1.jpg","contentUrl":"https:\/\/www.blogsoestado.com\/wilsonmarques\/wp-content\/uploads\/sites\/9\/2017\/08\/BOX_ENVIAR02-1.jpg"},{"@type":"BreadcrumbList","@id":"https:\/\/www.blogsoestado.com\/wilsonmarques\/2017\/08\/17\/passeios-pela-historia-e-cultura-do-maranhao-tem-lancamento-de-livros-na-amei\/#breadcrumb","itemListElement":[{"@type":"ListItem","position":1,"name":"In\u00edcio","item":"https:\/\/www.blogsoestado.com\/wilsonmarques\/"},{"@type":"ListItem","position":2,"name":"PASSEIOS PELA HIST\u00d3RIA E CULTURA DO MARANH\u00c3O TEM LAN\u00c7AMENTO DE LIVROS NA AMEI"}]},{"@type":"WebSite","@id":"https:\/\/www.blogsoestado.com\/wilsonmarques\/#website","url":"https:\/\/www.blogsoestado.com\/wilsonmarques\/","name":"Wilson Marques","description":"","potentialAction":[{"@type":"SearchAction","target":{"@type":"EntryPoint","urlTemplate":"https:\/\/www.blogsoestado.com\/wilsonmarques\/?s={search_term_string}"},"query-input":{"@type":"PropertyValueSpecification","valueRequired":true,"valueName":"search_term_string"}}],"inLanguage":"pt-BR"},{"@type":"Person","@id":"https:\/\/www.blogsoestado.com\/wilsonmarques\/#\/schema\/person\/6ab6321707821a2d204fc6de2a1f85b3","name":"Wilson Marques","image":{"@type":"ImageObject","inLanguage":"pt-BR","@id":"https:\/\/www.blogsoestado.com\/wilsonmarques\/#\/schema\/person\/image\/","url":"https:\/\/secure.gravatar.com\/avatar\/b7cbc00c60180383a011061e4a828d63994b1e9aed3813dfaa754539681f9ba0?s=96&d=mm&r=g","contentUrl":"https:\/\/secure.gravatar.com\/avatar\/b7cbc00c60180383a011061e4a828d63994b1e9aed3813dfaa754539681f9ba0?s=96&d=mm&r=g","caption":"Wilson Marques"},"url":"https:\/\/www.blogsoestado.com\/wilsonmarques\/author\/wilsonmarques\/"}]}},"jetpack_featured_media_url":"","_links":{"self":[{"href":"https:\/\/www.blogsoestado.com\/wilsonmarques\/wp-json\/wp\/v2\/posts\/747","targetHints":{"allow":["GET"]}}],"collection":[{"href":"https:\/\/www.blogsoestado.com\/wilsonmarques\/wp-json\/wp\/v2\/posts"}],"about":[{"href":"https:\/\/www.blogsoestado.com\/wilsonmarques\/wp-json\/wp\/v2\/types\/post"}],"author":[{"embeddable":true,"href":"https:\/\/www.blogsoestado.com\/wilsonmarques\/wp-json\/wp\/v2\/users\/10"}],"replies":[{"embeddable":true,"href":"https:\/\/www.blogsoestado.com\/wilsonmarques\/wp-json\/wp\/v2\/comments?post=747"}],"version-history":[{"count":0,"href":"https:\/\/www.blogsoestado.com\/wilsonmarques\/wp-json\/wp\/v2\/posts\/747\/revisions"}],"wp:attachment":[{"href":"https:\/\/www.blogsoestado.com\/wilsonmarques\/wp-json\/wp\/v2\/media?parent=747"}],"wp:term":[{"taxonomy":"category","embeddable":true,"href":"https:\/\/www.blogsoestado.com\/wilsonmarques\/wp-json\/wp\/v2\/categories?post=747"},{"taxonomy":"post_tag","embeddable":true,"href":"https:\/\/www.blogsoestado.com\/wilsonmarques\/wp-json\/wp\/v2\/tags?post=747"}],"curies":[{"name":"wp","href":"https:\/\/api.w.org\/{rel}","templated":true}]}}