{"id":898,"date":"2021-01-09T18:19:09","date_gmt":"2021-01-09T18:19:09","guid":{"rendered":"https:\/\/www.blogsoestado.com\/wilsonmarques\/?p=898"},"modified":"2021-01-09T18:19:09","modified_gmt":"2021-01-09T18:19:09","slug":"atelie-de-airton-marinho-reabre-na-praia-grande","status":"publish","type":"post","link":"https:\/\/www.blogsoestado.com\/wilsonmarques\/2021\/01\/09\/atelie-de-airton-marinho-reabre-na-praia-grande\/","title":{"rendered":"ATELI\u00ca DE AIRTON MARINHO REABRE NA PRAIA GRANDE"},"content":{"rendered":"\n<p>Depois de quatro anos sem atividades, o ateli\u00ea do artista pl\u00e1stico Airton  Marinho, no centro hist\u00f3rico, reabre as portas e traz novidades: uma nova cole\u00e7\u00e3o de xilogravuras retratando algumas das mais tradicionais festas populares do pa\u00eds, como maracatu, carnaval, entre outras. Com esse novo trabalho, Airton Marinho celebra 40 anos de produ\u00e7\u00e3o, com motivos de sobra para comemorar: com seu nome consolidado como um dos mais importantes artistas pl\u00e1sticos do Maranh\u00e3o, as obras de Marinho encontram-se em museus, acervos de colecionadores, livros, galerias de arte do pa\u00eds, al\u00e9m de bastante procuradas por quem visita a cidade.<\/p>\n\n\n\n<figure class=\"wp-block-image size-large is-resized\"><img fetchpriority=\"high\" decoding=\"async\" src=\"https:\/\/www.blogsoestado.com\/wilsonmarques\/wp-content\/uploads\/sites\/9\/2021\/01\/frida-1-948x1024.jpg\" alt=\"\" class=\"wp-image-900\" width=\"474\" height=\"512\" srcset=\"https:\/\/www.blogsoestado.com\/wilsonmarques\/wp-content\/uploads\/sites\/9\/2021\/01\/frida-1-948x1024.jpg 948w, https:\/\/www.blogsoestado.com\/wilsonmarques\/wp-content\/uploads\/sites\/9\/2021\/01\/frida-1-278x300.jpg 278w, https:\/\/www.blogsoestado.com\/wilsonmarques\/wp-content\/uploads\/sites\/9\/2021\/01\/frida-1-768x830.jpg 768w, https:\/\/www.blogsoestado.com\/wilsonmarques\/wp-content\/uploads\/sites\/9\/2021\/01\/frida-1.jpg 1185w\" sizes=\"(max-width: 474px) 100vw, 474px\" \/><figcaption>Frida Kahlo by Airton Marinho, retrato em xilogravura da artista mexicana<\/figcaption><\/figure>\n\n\n\n<p>Com endere\u00e7o no Beco Catarina Mina, 211, Praia Grande, o ateli\u00ea funciona de segunda a sexta, pela manh\u00e3 e tarde. E, vale lembrar, o pre\u00e7o dos trabalhos n\u00e3o pesam no bolso, com valores que v\u00e3o de cinquenta a duzentos reais. Est\u00e3o expostos no ateli\u00ea, al\u00e9m de pe\u00e7as da nova cole\u00e7\u00e3o, gravuras mais antigas e j\u00e1 ic\u00f4nicas, como as que retratam o bumba meu boi e as lendas maranhenses. Entre as novidades, chama aten\u00e7\u00e3o tamb\u00e9m o <em>Frida Kahlo by Airton Marinho<\/em>, homenagem do maranhense \u00e0 grande artista pl\u00e1stica mexicana.<\/p>\n\n\n\n<figure class=\"wp-block-image size-large is-resized\"><img decoding=\"async\" src=\"https:\/\/www.blogsoestado.com\/wilsonmarques\/wp-content\/uploads\/sites\/9\/2021\/01\/airton-marinho-maracatu-1.jpg\" alt=\"\" class=\"wp-image-899\" width=\"523\" height=\"353\" srcset=\"https:\/\/www.blogsoestado.com\/wilsonmarques\/wp-content\/uploads\/sites\/9\/2021\/01\/airton-marinho-maracatu-1.jpg 697w, https:\/\/www.blogsoestado.com\/wilsonmarques\/wp-content\/uploads\/sites\/9\/2021\/01\/airton-marinho-maracatu-1-300x202.jpg 300w\" sizes=\"(max-width: 523px) 100vw, 523px\" \/><figcaption>A beleza e as cores do maracatu, por Airton Marinho<\/figcaption><\/figure>\n","protected":false},"excerpt":{"rendered":"<p>Depois de quatro anos sem atividades, o ateli\u00ea do artista pl\u00e1stico Airton Marinho, no centro hist\u00f3rico, reabre as portas e [&hellip;]<\/p>\n","protected":false},"author":10,"featured_media":0,"comment_status":"open","ping_status":"open","sticky":false,"template":"","format":"standard","meta":{"site-sidebar-layout":"default","site-content-layout":"","ast-site-content-layout":"default","site-content-style":"default","site-sidebar-style":"default","ast-global-header-display":"","ast-banner-title-visibility":"","ast-main-header-display":"","ast-hfb-above-header-display":"","ast-hfb-below-header-display":"","ast-hfb-mobile-header-display":"","site-post-title":"","ast-breadcrumbs-content":"","ast-featured-img":"","footer-sml-layout":"","ast-disable-related-posts":"","theme-transparent-header-meta":"","adv-header-id-meta":"","stick-header-meta":"","header-above-stick-meta":"","header-main-stick-meta":"","header-below-stick-meta":"","astra-migrate-meta-layouts":"default","ast-page-background-enabled":"default","ast-page-background-meta":{"desktop":{"background-color":"var(--ast-global-color-5)","background-image":"","background-repeat":"repeat","background-position":"center center","background-size":"auto","background-attachment":"scroll","background-type":"","background-media":"","overlay-type":"","overlay-color":"","overlay-opacity":"","overlay-gradient":""},"tablet":{"background-color":"","background-image":"","background-repeat":"repeat","background-position":"center center","background-size":"auto","background-attachment":"scroll","background-type":"","background-media":"","overlay-type":"","overlay-color":"","overlay-opacity":"","overlay-gradient":""},"mobile":{"background-color":"","background-image":"","background-repeat":"repeat","background-position":"center center","background-size":"auto","background-attachment":"scroll","background-type":"","background-media":"","overlay-type":"","overlay-color":"","overlay-opacity":"","overlay-gradient":""}},"ast-content-background-meta":{"desktop":{"background-color":"var(--ast-global-color-4)","background-image":"","background-repeat":"repeat","background-position":"center center","background-size":"auto","background-attachment":"scroll","background-type":"","background-media":"","overlay-type":"","overlay-color":"","overlay-opacity":"","overlay-gradient":""},"tablet":{"background-color":"var(--ast-global-color-4)","background-image":"","background-repeat":"repeat","background-position":"center center","background-size":"auto","background-attachment":"scroll","background-type":"","background-media":"","overlay-type":"","overlay-color":"","overlay-opacity":"","overlay-gradient":""},"mobile":{"background-color":"var(--ast-global-color-4)","background-image":"","background-repeat":"repeat","background-position":"center center","background-size":"auto","background-attachment":"scroll","background-type":"","background-media":"","overlay-type":"","overlay-color":"","overlay-opacity":"","overlay-gradient":""}},"footnotes":""},"categories":[1],"tags":[],"class_list":["post-898","post","type-post","status-publish","format-standard","hentry","category-sem-categoria"],"yoast_head":"<!-- This site is optimized with the Yoast SEO plugin v26.6 - https:\/\/yoast.com\/wordpress\/plugins\/seo\/ -->\n<title>ATELI\u00ca DE AIRTON MARINHO REABRE NA PRAIA GRANDE - Wilson Marques<\/title>\n<meta name=\"robots\" content=\"index, follow, max-snippet:-1, max-image-preview:large, max-video-preview:-1\" \/>\n<link rel=\"canonical\" href=\"https:\/\/www.blogsoestado.com\/wilsonmarques\/2021\/01\/09\/atelie-de-airton-marinho-reabre-na-praia-grande\/\" \/>\n<meta property=\"og:locale\" content=\"pt_BR\" \/>\n<meta property=\"og:type\" content=\"article\" \/>\n<meta property=\"og:title\" content=\"ATELI\u00ca DE AIRTON MARINHO REABRE NA PRAIA GRANDE - Wilson Marques\" \/>\n<meta property=\"og:description\" content=\"Depois de quatro anos sem atividades, o ateli\u00ea do artista pl\u00e1stico Airton Marinho, no centro hist\u00f3rico, reabre as portas e [&hellip;]\" \/>\n<meta property=\"og:url\" content=\"https:\/\/www.blogsoestado.com\/wilsonmarques\/2021\/01\/09\/atelie-de-airton-marinho-reabre-na-praia-grande\/\" \/>\n<meta property=\"og:site_name\" content=\"Wilson Marques\" \/>\n<meta property=\"article:published_time\" content=\"2021-01-09T18:19:09+00:00\" \/>\n<meta property=\"og:image\" content=\"https:\/\/www.blogsoestado.com\/wilsonmarques\/wp-content\/uploads\/sites\/9\/2021\/01\/frida-1-948x1024.jpg\" \/>\n<meta name=\"author\" content=\"Wilson Marques\" \/>\n<meta name=\"twitter:card\" content=\"summary_large_image\" \/>\n<meta name=\"twitter:label1\" content=\"Escrito por\" \/>\n\t<meta name=\"twitter:data1\" content=\"Wilson Marques\" \/>\n\t<meta name=\"twitter:label2\" content=\"Est. tempo de leitura\" \/>\n\t<meta name=\"twitter:data2\" content=\"1 minuto\" \/>\n<script type=\"application\/ld+json\" class=\"yoast-schema-graph\">{\"@context\":\"https:\/\/schema.org\",\"@graph\":[{\"@type\":\"WebPage\",\"@id\":\"https:\/\/www.blogsoestado.com\/wilsonmarques\/2021\/01\/09\/atelie-de-airton-marinho-reabre-na-praia-grande\/\",\"url\":\"https:\/\/www.blogsoestado.com\/wilsonmarques\/2021\/01\/09\/atelie-de-airton-marinho-reabre-na-praia-grande\/\",\"name\":\"ATELI\u00ca DE AIRTON MARINHO REABRE NA PRAIA GRANDE - Wilson Marques\",\"isPartOf\":{\"@id\":\"https:\/\/www.blogsoestado.com\/wilsonmarques\/#website\"},\"primaryImageOfPage\":{\"@id\":\"https:\/\/www.blogsoestado.com\/wilsonmarques\/2021\/01\/09\/atelie-de-airton-marinho-reabre-na-praia-grande\/#primaryimage\"},\"image\":{\"@id\":\"https:\/\/www.blogsoestado.com\/wilsonmarques\/2021\/01\/09\/atelie-de-airton-marinho-reabre-na-praia-grande\/#primaryimage\"},\"thumbnailUrl\":\"https:\/\/www.blogsoestado.com\/wilsonmarques\/wp-content\/uploads\/sites\/9\/2021\/01\/frida-1-948x1024.jpg\",\"datePublished\":\"2021-01-09T18:19:09+00:00\",\"author\":{\"@id\":\"https:\/\/www.blogsoestado.com\/wilsonmarques\/#\/schema\/person\/6ab6321707821a2d204fc6de2a1f85b3\"},\"breadcrumb\":{\"@id\":\"https:\/\/www.blogsoestado.com\/wilsonmarques\/2021\/01\/09\/atelie-de-airton-marinho-reabre-na-praia-grande\/#breadcrumb\"},\"inLanguage\":\"pt-BR\",\"potentialAction\":[{\"@type\":\"ReadAction\",\"target\":[\"https:\/\/www.blogsoestado.com\/wilsonmarques\/2021\/01\/09\/atelie-de-airton-marinho-reabre-na-praia-grande\/\"]}]},{\"@type\":\"ImageObject\",\"inLanguage\":\"pt-BR\",\"@id\":\"https:\/\/www.blogsoestado.com\/wilsonmarques\/2021\/01\/09\/atelie-de-airton-marinho-reabre-na-praia-grande\/#primaryimage\",\"url\":\"https:\/\/www.blogsoestado.com\/wilsonmarques\/wp-content\/uploads\/sites\/9\/2021\/01\/frida-1.jpg\",\"contentUrl\":\"https:\/\/www.blogsoestado.com\/wilsonmarques\/wp-content\/uploads\/sites\/9\/2021\/01\/frida-1.jpg\",\"width\":1185,\"height\":1280},{\"@type\":\"BreadcrumbList\",\"@id\":\"https:\/\/www.blogsoestado.com\/wilsonmarques\/2021\/01\/09\/atelie-de-airton-marinho-reabre-na-praia-grande\/#breadcrumb\",\"itemListElement\":[{\"@type\":\"ListItem\",\"position\":1,\"name\":\"In\u00edcio\",\"item\":\"https:\/\/www.blogsoestado.com\/wilsonmarques\/\"},{\"@type\":\"ListItem\",\"position\":2,\"name\":\"ATELI\u00ca DE AIRTON MARINHO REABRE NA PRAIA GRANDE\"}]},{\"@type\":\"WebSite\",\"@id\":\"https:\/\/www.blogsoestado.com\/wilsonmarques\/#website\",\"url\":\"https:\/\/www.blogsoestado.com\/wilsonmarques\/\",\"name\":\"Wilson Marques\",\"description\":\"\",\"potentialAction\":[{\"@type\":\"SearchAction\",\"target\":{\"@type\":\"EntryPoint\",\"urlTemplate\":\"https:\/\/www.blogsoestado.com\/wilsonmarques\/?s={search_term_string}\"},\"query-input\":{\"@type\":\"PropertyValueSpecification\",\"valueRequired\":true,\"valueName\":\"search_term_string\"}}],\"inLanguage\":\"pt-BR\"},{\"@type\":\"Person\",\"@id\":\"https:\/\/www.blogsoestado.com\/wilsonmarques\/#\/schema\/person\/6ab6321707821a2d204fc6de2a1f85b3\",\"name\":\"Wilson Marques\",\"image\":{\"@type\":\"ImageObject\",\"inLanguage\":\"pt-BR\",\"@id\":\"https:\/\/www.blogsoestado.com\/wilsonmarques\/#\/schema\/person\/image\/\",\"url\":\"https:\/\/secure.gravatar.com\/avatar\/b7cbc00c60180383a011061e4a828d63994b1e9aed3813dfaa754539681f9ba0?s=96&d=mm&r=g\",\"contentUrl\":\"https:\/\/secure.gravatar.com\/avatar\/b7cbc00c60180383a011061e4a828d63994b1e9aed3813dfaa754539681f9ba0?s=96&d=mm&r=g\",\"caption\":\"Wilson Marques\"},\"url\":\"https:\/\/www.blogsoestado.com\/wilsonmarques\/author\/wilsonmarques\/\"}]}<\/script>\n<!-- \/ Yoast SEO plugin. -->","yoast_head_json":{"title":"ATELI\u00ca DE AIRTON MARINHO REABRE NA PRAIA GRANDE - Wilson Marques","robots":{"index":"index","follow":"follow","max-snippet":"max-snippet:-1","max-image-preview":"max-image-preview:large","max-video-preview":"max-video-preview:-1"},"canonical":"https:\/\/www.blogsoestado.com\/wilsonmarques\/2021\/01\/09\/atelie-de-airton-marinho-reabre-na-praia-grande\/","og_locale":"pt_BR","og_type":"article","og_title":"ATELI\u00ca DE AIRTON MARINHO REABRE NA PRAIA GRANDE - Wilson Marques","og_description":"Depois de quatro anos sem atividades, o ateli\u00ea do artista pl\u00e1stico Airton Marinho, no centro hist\u00f3rico, reabre as portas e [&hellip;]","og_url":"https:\/\/www.blogsoestado.com\/wilsonmarques\/2021\/01\/09\/atelie-de-airton-marinho-reabre-na-praia-grande\/","og_site_name":"Wilson Marques","article_published_time":"2021-01-09T18:19:09+00:00","og_image":[{"url":"https:\/\/www.blogsoestado.com\/wilsonmarques\/wp-content\/uploads\/sites\/9\/2021\/01\/frida-1-948x1024.jpg","type":"","width":"","height":""}],"author":"Wilson Marques","twitter_card":"summary_large_image","twitter_misc":{"Escrito por":"Wilson Marques","Est. tempo de leitura":"1 minuto"},"schema":{"@context":"https:\/\/schema.org","@graph":[{"@type":"WebPage","@id":"https:\/\/www.blogsoestado.com\/wilsonmarques\/2021\/01\/09\/atelie-de-airton-marinho-reabre-na-praia-grande\/","url":"https:\/\/www.blogsoestado.com\/wilsonmarques\/2021\/01\/09\/atelie-de-airton-marinho-reabre-na-praia-grande\/","name":"ATELI\u00ca DE AIRTON MARINHO REABRE NA PRAIA GRANDE - Wilson Marques","isPartOf":{"@id":"https:\/\/www.blogsoestado.com\/wilsonmarques\/#website"},"primaryImageOfPage":{"@id":"https:\/\/www.blogsoestado.com\/wilsonmarques\/2021\/01\/09\/atelie-de-airton-marinho-reabre-na-praia-grande\/#primaryimage"},"image":{"@id":"https:\/\/www.blogsoestado.com\/wilsonmarques\/2021\/01\/09\/atelie-de-airton-marinho-reabre-na-praia-grande\/#primaryimage"},"thumbnailUrl":"https:\/\/www.blogsoestado.com\/wilsonmarques\/wp-content\/uploads\/sites\/9\/2021\/01\/frida-1-948x1024.jpg","datePublished":"2021-01-09T18:19:09+00:00","author":{"@id":"https:\/\/www.blogsoestado.com\/wilsonmarques\/#\/schema\/person\/6ab6321707821a2d204fc6de2a1f85b3"},"breadcrumb":{"@id":"https:\/\/www.blogsoestado.com\/wilsonmarques\/2021\/01\/09\/atelie-de-airton-marinho-reabre-na-praia-grande\/#breadcrumb"},"inLanguage":"pt-BR","potentialAction":[{"@type":"ReadAction","target":["https:\/\/www.blogsoestado.com\/wilsonmarques\/2021\/01\/09\/atelie-de-airton-marinho-reabre-na-praia-grande\/"]}]},{"@type":"ImageObject","inLanguage":"pt-BR","@id":"https:\/\/www.blogsoestado.com\/wilsonmarques\/2021\/01\/09\/atelie-de-airton-marinho-reabre-na-praia-grande\/#primaryimage","url":"https:\/\/www.blogsoestado.com\/wilsonmarques\/wp-content\/uploads\/sites\/9\/2021\/01\/frida-1.jpg","contentUrl":"https:\/\/www.blogsoestado.com\/wilsonmarques\/wp-content\/uploads\/sites\/9\/2021\/01\/frida-1.jpg","width":1185,"height":1280},{"@type":"BreadcrumbList","@id":"https:\/\/www.blogsoestado.com\/wilsonmarques\/2021\/01\/09\/atelie-de-airton-marinho-reabre-na-praia-grande\/#breadcrumb","itemListElement":[{"@type":"ListItem","position":1,"name":"In\u00edcio","item":"https:\/\/www.blogsoestado.com\/wilsonmarques\/"},{"@type":"ListItem","position":2,"name":"ATELI\u00ca DE AIRTON MARINHO REABRE NA PRAIA GRANDE"}]},{"@type":"WebSite","@id":"https:\/\/www.blogsoestado.com\/wilsonmarques\/#website","url":"https:\/\/www.blogsoestado.com\/wilsonmarques\/","name":"Wilson Marques","description":"","potentialAction":[{"@type":"SearchAction","target":{"@type":"EntryPoint","urlTemplate":"https:\/\/www.blogsoestado.com\/wilsonmarques\/?s={search_term_string}"},"query-input":{"@type":"PropertyValueSpecification","valueRequired":true,"valueName":"search_term_string"}}],"inLanguage":"pt-BR"},{"@type":"Person","@id":"https:\/\/www.blogsoestado.com\/wilsonmarques\/#\/schema\/person\/6ab6321707821a2d204fc6de2a1f85b3","name":"Wilson Marques","image":{"@type":"ImageObject","inLanguage":"pt-BR","@id":"https:\/\/www.blogsoestado.com\/wilsonmarques\/#\/schema\/person\/image\/","url":"https:\/\/secure.gravatar.com\/avatar\/b7cbc00c60180383a011061e4a828d63994b1e9aed3813dfaa754539681f9ba0?s=96&d=mm&r=g","contentUrl":"https:\/\/secure.gravatar.com\/avatar\/b7cbc00c60180383a011061e4a828d63994b1e9aed3813dfaa754539681f9ba0?s=96&d=mm&r=g","caption":"Wilson Marques"},"url":"https:\/\/www.blogsoestado.com\/wilsonmarques\/author\/wilsonmarques\/"}]}},"jetpack_featured_media_url":"","_links":{"self":[{"href":"https:\/\/www.blogsoestado.com\/wilsonmarques\/wp-json\/wp\/v2\/posts\/898","targetHints":{"allow":["GET"]}}],"collection":[{"href":"https:\/\/www.blogsoestado.com\/wilsonmarques\/wp-json\/wp\/v2\/posts"}],"about":[{"href":"https:\/\/www.blogsoestado.com\/wilsonmarques\/wp-json\/wp\/v2\/types\/post"}],"author":[{"embeddable":true,"href":"https:\/\/www.blogsoestado.com\/wilsonmarques\/wp-json\/wp\/v2\/users\/10"}],"replies":[{"embeddable":true,"href":"https:\/\/www.blogsoestado.com\/wilsonmarques\/wp-json\/wp\/v2\/comments?post=898"}],"version-history":[{"count":0,"href":"https:\/\/www.blogsoestado.com\/wilsonmarques\/wp-json\/wp\/v2\/posts\/898\/revisions"}],"wp:attachment":[{"href":"https:\/\/www.blogsoestado.com\/wilsonmarques\/wp-json\/wp\/v2\/media?parent=898"}],"wp:term":[{"taxonomy":"category","embeddable":true,"href":"https:\/\/www.blogsoestado.com\/wilsonmarques\/wp-json\/wp\/v2\/categories?post=898"},{"taxonomy":"post_tag","embeddable":true,"href":"https:\/\/www.blogsoestado.com\/wilsonmarques\/wp-json\/wp\/v2\/tags?post=898"}],"curies":[{"name":"wp","href":"https:\/\/api.w.org\/{rel}","templated":true}]}}